{"id":1584,"date":"2019-07-17T11:33:19","date_gmt":"2019-07-17T11:33:19","guid":{"rendered":"http:\/\/julienserru.com\/?p=1584"},"modified":"2019-07-18T13:08:38","modified_gmt":"2019-07-18T13:08:38","slug":"relations-presse-pour-eric-morena","status":"publish","type":"post","link":"https:\/\/julienserru.com\/?p=1584","title":{"rendered":"Relations presse pour Eric Morena"},"content":{"rendered":"\n<figure class=\"wp-block-image\"><img loading=\"lazy\" decoding=\"async\" width=\"734\" height=\"1024\" src=\"http:\/\/julienserru.com\/wp-content\/uploads\/2019\/07\/CDP-Eric-Morena-Face-a-un-cancer-1-734x1024.jpg\" alt=\"\" class=\"wp-image-1585\" srcset=\"https:\/\/julienserru.com\/wp-content\/uploads\/2019\/07\/CDP-Eric-Morena-Face-a-un-cancer-1-734x1024.jpg 734w, https:\/\/julienserru.com\/wp-content\/uploads\/2019\/07\/CDP-Eric-Morena-Face-a-un-cancer-1-215x300.jpg 215w, https:\/\/julienserru.com\/wp-content\/uploads\/2019\/07\/CDP-Eric-Morena-Face-a-un-cancer-1-768x1071.jpg 768w, https:\/\/julienserru.com\/wp-content\/uploads\/2019\/07\/CDP-Eric-Morena-Face-a-un-cancer-1.jpg 1230w\" sizes=\"(max-width: 734px) 100vw, 734px\" \/><\/figure>\n\n\n\n<p class=\"has-small-font-size\">\n\nParmi les d\u00e9fis \u00e0 relever, il fallait convaincre l&rsquo;ensemble des m\u00e9dias en tr\u00e8s peu de temps tandis que beaucoup de journalistes et responsables sont en absents mi juillet. Des confidentialit\u00e9s et l&rsquo;intimit\u00e9 de l&rsquo;artiste devaient \u00eatre prot\u00e9g\u00e9es.\n\n<\/p>\n\n\n\n<p class=\"has-small-font-size\"><strong>Articles web obtenus :<\/strong><\/p>\n\n\n\n<p class=\"has-small-font-size\">Le Figaro : <a href=\"http:\/\/www.lefigaro.fr\/musique\/eric-morena-malade-annule-sa-tournee-d-ete-et-s-excuse-aupres-de-ses-fans-20190718\">www.lefigaro.fr\/musique\/eric-morena-malade-annule-sa-tournee-d-ete-et-s-excuse-aupres-de-ses-fans-20190718<\/a><\/p>\n\n\n\n<p class=\"has-small-font-size\">Le Point :  <a href=\"https:\/\/www.lepoint.fr\/musique\/eric-morena-interprete-de-oh-mon-bateau-lutte-contre-un-cancer-16-07-2019-2324839_38.php\">https:\/\/www.lepoint.fr\/musique\/eric-morena-interprete-de-oh-mon-bateau-lutte-contre-un-cancer-16-07-2019-2324839_38.php<\/a> <\/p>\n\n\n\n<p class=\"has-small-font-size\">T\u00e9l\u00e9 7 jours :  <a href=\"https:\/\/www.programme-television.org\/news-tv\/Eric-Morena-atteint-d-un-cancer-fait-une-pause-dans-sa-carriere-4643158\">https:\/\/www.programme-television.org\/news-tv\/Eric-Morena-atteint-d-un-cancer-fait-une-pause-dans-sa-carriere-4643158<\/a> <\/p>\n\n\n\n<p class=\"has-small-font-size\">T\u00e9l\u00e9 Loisirs :  <a href=\"https:\/\/www.programme-tv.net\/news\/people\/236527-atteint-dun-cancer-le-chanteur-eric-morena-est-contraint-de-faire-une-pause\/\">https:\/\/www.programme-tv.net\/news\/people\/236527-atteint-dun-cancer-le-chanteur-eric-morena-est-contraint-de-faire-une-pause\/<\/a> <\/p>\n\n\n\n<p class=\"has-small-font-size\">BFM Tv :  <a href=\"https:\/\/people.bfmtv.com\/musique\/le-chanteur-eric-morena-annonce-faire-une-pause-de-quelques-mois-pour-soigner-son-cancer-1731604.html\">https:\/\/people.bfmtv.com\/musique\/le-chanteur-eric-morena-annonce-faire-une-pause-de-quelques-mois-pour-soigner-son-cancer-1731604.html<\/a> <\/p>\n\n\n\n<p class=\"has-small-font-size\">Le Journal des Femmes :  <a href=\"https:\/\/www.journaldesfemmes.fr\/people\/magazine\/2546624-actus-infos-people-stars\/2547402-eric-morena\">https:\/\/www.journaldesfemmes.fr\/people\/magazine\/2546624-actus-infos-people-stars\/2547402-eric-morena<\/a> <\/p>\n\n\n\n<p class=\"has-small-font-size\">Melody :  <a href=\"https:\/\/www.melody.tv\/actualite\/eric-morena-atteint-dun-cancer-annule-une-quinzaine-de-concerts\">https:\/\/www.melody.tv\/actualite\/eric-morena-atteint-dun-cancer-annule-une-quinzaine-de-concerts<\/a> <\/p>\n\n\n\n<p class=\"has-small-font-size\">Closer :  <a href=\"https:\/\/www.closermag.fr\/people\/une-pause-s-impose-le-chanteur-eric-morena-annonce-etre-atteint-d-un-cancer-997570\">https:\/\/www.closermag.fr\/people\/une-pause-s-impose-le-chanteur-eric-morena-annonce-etre-atteint-d-un-cancer-997570<\/a> <\/p>\n\n\n\n<p class=\"has-small-font-size\">Chante France :  <a href=\"https:\/\/www.chantefrance.com\/actualites\/eric-morena-revele-son-combat-contre-un-cancer-8133970\">https:\/\/www.chantefrance.com\/actualites\/eric-morena-revele-son-combat-contre-un-cancer-8133970<\/a> <\/p>\n\n\n\n<p class=\"has-small-font-size\">Le Figaro Live :  <a href=\"https:video.lefigaro.fr\/figaro\/video\/non-stop-people-eric-morena-malade-le-chanteur-de-oh-mon-bateau-est-atteint-d-un-cancer\/6059700276001\/\">https:video.lefigaro.fr\/figaro\/video\/non-stop-people-eric-morena-malade-le-chanteur-de-oh-mon-bateau-est-atteint-d-un-cancer\/6059700276001\/<\/a><\/p>\n\n\n\n<p class=\"has-small-font-size\">Planet.fr :  <a href=\"https:\/\/www.planet.fr\/television-eric-morena-atteint-dun-cancer-fait-une-pause-dans-sa-carriere.1804968.30054.html\">https:\/\/www.planet.fr\/television-eric-morena-atteint-dun-cancer-fait-une-pause-dans-sa-carriere.1804968.30054.html<\/a> <\/p>\n\n\n\n<p class=\"has-small-font-size\">SudInfo.be :  <a href=\"https:\/\/www.sudinfo.be\/id130560\/article\/2019-07-15\/terrible-nouvelle-pour-eric-morena-le-celebre-chanteur-annonce-etre-atteint-dun\">https:\/\/www.sudinfo.be\/id130560\/article\/2019-07-15\/terrible-nouvelle-pour-eric-morena-le-celebre-chanteur-annonce-etre-atteint-dun<\/a> <\/p>\n\n\n\n<p class=\"has-small-font-size\">Charts in France :  <a href=\"http:\/\/www.chartsinfrance.net\/Eric-Morena\/news-110762.html\">http:\/\/www.chartsinfrance.net\/Eric-Morena\/news-110762.html<\/a> <\/p>\n\n\n\n<p class=\"has-small-font-size\">Pure people :  <a href=\"http:\/\/www.purepeople.com\/article\/eric-morena-atteint-d-un-cancer-une-pause-de-quelques-mois-s-impose_a343727\/1\">http:\/\/www.purepeople.com\/article\/eric-morena-atteint-d-un-cancer-une-pause-de-quelques-mois-s-impose_a343727\/1<\/a> <\/p>\n\n\n\n<p class=\"has-small-font-size\">Femme actuelle :  <a href=\"https:\/\/www.femmeactuelle.fr\/actu\/news-actu\/eric-morena-atteint-dun-cancer-il-doit-faire-une-pause-dans-sa-carriere-2080897\">https:\/\/www.femmeactuelle.fr\/actu\/news-actu\/eric-morena-atteint-dun-cancer-il-doit-faire-une-pause-dans-sa-carriere-2080897<\/a> <\/p>\n\n\n\n<p class=\"has-small-font-size\">Gala :  <a href=\"https:\/\/www.gala.fr\/l_actu\/news_de_stars\/eric-morena-interprete-de-oh-mon-bateau-atteint-dun-cancer-le-sort-sacharne-alors-quil-a-deja-perdu-son-compagnon_432247\">https:\/\/www.gala.fr\/l_actu\/news_de_stars\/eric-morena-interprete-de-oh-mon-bateau-atteint-dun-cancer-le-sort-sacharne-alors-quil-a-deja-perdu-son-compagnon_432247<\/a> <\/p>\n\n\n\n<p class=\"has-small-font-size\">Voici :  <a href=\"https:\/\/www.voici.fr\/news-people\/actu-people\/eric-morena-malade-le-chanteur-doh-mon-bateau-se-bat-contre-un-cancer-662598\">https:\/\/www.voici.fr\/news-people\/actu-people\/eric-morena-malade-le-chanteur-doh-mon-bateau-se-bat-contre-un-cancer-662598<\/a> <\/p>\n\n\n\n<p class=\"has-small-font-size\">Non Stop People :  <a href=\"http:\/\/www.non-stop-people.com\/actu\/musique\/eric-morena-malade-le-chanteur-de-oh-mon-bateau-est-atteint-dun-cancer-172622\">http:\/\/www.non-stop-people.com\/actu\/musique\/eric-morena-malade-le-chanteur-de-oh-mon-bateau-est-atteint-dun-cancer-172622<\/a> <\/p>\n\n\n\n<p class=\"has-small-font-size\">MSN.com :  <a href=\"https:\/\/www.msn.com\/fr-fr\/sport\/video\/eric-morena-malade-le-chanteur-de-oh-mon-bateau-est-atteint-dun-cancer\/vp-AAEoZhV\">https:\/\/www.msn.com\/fr-fr\/sport\/video\/eric-morena-malade-le-chanteur-de-oh-mon-bateau-est-atteint-dun-cancer\/vp-AAEoZhV<\/a> <\/p>\n\n\n\n<p class=\"has-small-font-size\">Orange tendances :  <a href=\"https:\/\/tendances.orange.fr\/people\/videos\/eric-morena-malade-le-chanteur-de-oh-mon-bateau-est-atteint-d-un-cancer-CNT000001heit4.html\">https:\/\/tendances.orange.fr\/people\/videos\/eric-morena-malade-le-chanteur-de-oh-mon-bateau-est-atteint-d-un-cancer-CNT000001heit4.html<\/a> <\/p>\n\n\n\n<p class=\"has-small-font-size\">L&rsquo;Internaute :  <a href=\"https:\/\/www.linternaute.com\/musique\/biographie\/2233157-eric-morena-atteint-d-un-cancer-le-chanteur-de-oh-mon-bateau-est-confiant\/\">https:\/\/www.linternaute.com\/musique\/biographie\/2233157-eric-morena-atteint-d-un-cancer-le-chanteur-de-oh-mon-bateau-est-confiant\/<\/a> <\/p>\n\n\n\n<p class=\"has-small-font-size\">Yahoo actualit\u00e9s :  <a href=\"https:\/\/fr.news.yahoo.com\/atteint-dun-cancer-chanteur-eric-170908471.html?guccounter=1&amp;guce_referrer=aHR0cHM6Ly9uZXdzLmdvb2dsZS5jb20v&amp;guce_referrer_sig=AQAAAMf2a-8NpWc2dTJYc-ges79XIyMmNjEklASM_BhGcriT91oH4OQybESR74uXGHsXAwlXVNIn8Ik3IrZ2qpwIvXh6kR2Yfrflqucj_5TOsn1PnBaNdqn0oQosCxdV8qYxGta2GiUSx8mXQVLQSnPwghm0QDkJxE9rBIiQLEoYKf9j\">https:\/\/fr.news.yahoo.com\/atteint-dun-cancer-chanteur-eric-170908471.html?guccounter=1&amp;guce_referrer=aHR0cHM6Ly9uZXdzLmdvb2dsZS5jb20v&amp;guce_referrer_sig=AQAAAMf2a-8NpWc2dTJYc-ges79XIyMmNjEklASM_BhGcriT91oH4OQybESR74uXGHsXAwlXVNIn8Ik3IrZ2qpwIvXh6kR2Yfrflqucj_5TOsn1PnBaNdqn0oQosCxdV8qYxGta2GiUSx8mXQVLQSnPwghm0QDkJxE9rBIiQLEoYKf9j<\/a> <\/p>\n\n\n\n<p style=\"font-size:25px\">&#8230;<\/p>\n","protected":false},"excerpt":{"rendered":"<p>Parmi les d\u00e9fis \u00e0 relever, il fallait convaincre l&rsquo;ensemble des m\u00e9dias en tr\u00e8s peu de temps tandis que beaucoup de journalistes et responsables sont en absents mi juillet. Des confidentialit\u00e9s et l&rsquo;intimit\u00e9 de l&rsquo;artiste devaient \u00eatre prot\u00e9g\u00e9es. Articles web obtenus : Le Figaro : www.lefigaro.fr\/musique\/eric-morena-malade-annule-sa-tournee-d-ete-et-s-excuse-aupres-de-ses-fans-20190718 Le Point : https:\/\/www.lepoint.fr\/musique\/eric-morena-interprete-de-oh-mon-bateau-lutte-contre-un-cancer-16-07-2019-2324839_38.php T\u00e9l\u00e9 7 jours : https:\/\/www.programme-television.org\/news-tv\/Eric-Morena-atteint-d-un-cancer-fait-une-pause-dans-sa-carriere-4643158 T\u00e9l\u00e9&hellip;<\/p>\n","protected":false},"author":1,"featured_media":0,"comment_status":"closed","ping_status":"closed","sticky":false,"template":"","format":"standard","meta":{"om_disable_all_campaigns":false,"_monsterinsights_skip_tracking":false,"_monsterinsights_sitenote_active":false,"_monsterinsights_sitenote_note":"","_monsterinsights_sitenote_category":0,"_uf_show_specific_survey":0,"_uf_disable_surveys":false,"footnotes":""},"categories":[1],"tags":[22,140,21,112,117,20,138,137,46,18,139,14,4,23,19],"class_list":["post-1584","post","type-post","status-publish","format-standard","hentry","category-uncategorized","tag-attache-de-presse","tag-cancer","tag-communication","tag-communique","tag-concert","tag-eagleof","tag-eric","tag-eric-morena","tag-independant","tag-julien","tag-morena","tag-musique","tag-presse","tag-relations-presse","tag-serru"],"aioseo_notices":[],"_links":{"self":[{"href":"https:\/\/julienserru.com\/index.php?rest_route=\/wp\/v2\/posts\/1584"}],"collection":[{"href":"https:\/\/julienserru.com\/index.php?rest_route=\/wp\/v2\/posts"}],"about":[{"href":"https:\/\/julienserru.com\/index.php?rest_route=\/wp\/v2\/types\/post"}],"author":[{"embeddable":true,"href":"https:\/\/julienserru.com\/index.php?rest_route=\/wp\/v2\/users\/1"}],"replies":[{"embeddable":true,"href":"https:\/\/julienserru.com\/index.php?rest_route=%2Fwp%2Fv2%2Fcomments&post=1584"}],"version-history":[{"count":27,"href":"https:\/\/julienserru.com\/index.php?rest_route=\/wp\/v2\/posts\/1584\/revisions"}],"predecessor-version":[{"id":1661,"href":"https:\/\/julienserru.com\/index.php?rest_route=\/wp\/v2\/posts\/1584\/revisions\/1661"}],"wp:attachment":[{"href":"https:\/\/julienserru.com\/index.php?rest_route=%2Fwp%2Fv2%2Fmedia&parent=1584"}],"wp:term":[{"taxonomy":"category","embeddable":true,"href":"https:\/\/julienserru.com\/index.php?rest_route=%2Fwp%2Fv2%2Fcategories&post=1584"},{"taxonomy":"post_tag","embeddable":true,"href":"https:\/\/julienserru.com\/index.php?rest_route=%2Fwp%2Fv2%2Ftags&post=1584"}],"curies":[{"name":"wp","href":"https:\/\/api.w.org\/{rel}","templated":true}]}}