{"id":1994,"date":"2020-08-25T14:09:20","date_gmt":"2020-08-25T14:09:20","guid":{"rendered":"http:\/\/julienserru.com\/?p=1994"},"modified":"2020-08-25T14:27:22","modified_gmt":"2020-08-25T14:27:22","slug":"relations-presse-pour-un-single","status":"publish","type":"post","link":"https:\/\/julienserru.com\/?p=1994","title":{"rendered":"Relations presse pour un single"},"content":{"rendered":"\n<p><strong>Khaled feat Rodge, \u00ab\u00a0Elle s&rsquo;appelle Beyrouth\u00a0\u00bb<\/strong> (label : Aalia Publishing )<\/p>\n\n\n\n<p><\/p>\n\n\n\n<div class=\"wp-block-image\"><figure class=\"aligncenter is-resized\"><img loading=\"lazy\" decoding=\"async\" src=\"https:\/\/julienserru.com\/wp-content\/uploads\/2020\/08\/CDP-Khaled-Elle-sappelle-Beyrouth-copie-1-724x1024.jpg\" alt=\"\" class=\"wp-image-1995\" width=\"362\" height=\"512\" srcset=\"https:\/\/julienserru.com\/wp-content\/uploads\/2020\/08\/CDP-Khaled-Elle-sappelle-Beyrouth-copie-1-724x1024.jpg 724w, https:\/\/julienserru.com\/wp-content\/uploads\/2020\/08\/CDP-Khaled-Elle-sappelle-Beyrouth-copie-1-212x300.jpg 212w, https:\/\/julienserru.com\/wp-content\/uploads\/2020\/08\/CDP-Khaled-Elle-sappelle-Beyrouth-copie-1-768x1086.jpg 768w\" sizes=\"(max-width: 362px) 100vw, 362px\" \/><\/figure><\/div>\n\n\n\n<p><strong>MEDIAS OBTENUS <\/strong><\/p>\n\n\n\n<p>(quelques relais pour les m\u00e9dias du Maghreb )<\/p>\n\n\n\n<p>RTL&nbsp;:<\/p>\n\n\n\n<p><a href=\"https:\/\/www.rtl.fr\/culture\/musique\/les-infos-de-7h-explosions-a-beyrouth-le-chanteur-khaled-dedie-une-chanson-au-liban-7800731210\">https:\/\/www.rtl.fr\/culture\/musique\/les-infos-de-7h-explosions-a-beyrouth-le-chanteur-khaled-dedie-une-chanson-au-liban-7800731210<\/a><\/p>\n\n\n\n<p>BFM Tv&nbsp;:<\/p>\n\n\n\n<p><a href=\"https:\/\/www.bfmtv.com\/people\/musique\/explosions-a-beyrouth-le-chanteur-khaled-sort-un-titre-en-hommage-au-liban_AD-202008140178.html\">https:\/\/www.bfmtv.com\/people\/musique\/explosions-a-beyrouth-le-chanteur-khaled-sort-un-titre-en-hommage-au-liban_AD-202008140178.html<\/a><\/p>\n\n\n\n<p>ET<\/p>\n\n\n\n<p><a href=\"https:\/\/www.bfmtv.com\/people\/explosions-a-beyrouth-khaled-sort-une-chanson-inedite-pour-aider-le-liban_AN-202008190095.html\">https:\/\/www.bfmtv.com\/people\/explosions-a-beyrouth-khaled-sort-une-chanson-inedite-pour-aider-le-liban_AN-202008190095.html<\/a><\/p>\n\n\n\n<p>Nord Eclair&nbsp;:<\/p>\n\n\n\n<p><a href=\"https:\/\/www.nordeclair.fr\/852140\/article\/2020-08-15\/cheb-khaled-va-sortir-le-titre-elle-s-appelle-beyrouth-en-hommage-aux-libanais\">https:\/\/www.nordeclair.fr\/852140\/article\/2020-08-15\/cheb-khaled-va-sortir-le-titre-elle-s-appelle-beyrouth-en-hommage-aux-libanais<\/a><\/p>\n\n\n\n<p>TV5 Monde&nbsp;:<\/p>\n\n\n\n<p><a href=\"https:\/\/information.tv5monde.com\/video\/l-hommage-musical-du-chanteur-khaled-beyrouth-la-chronique-culture\">https:\/\/information.tv5monde.com\/video\/l-hommage-musical-du-chanteur-khaled-beyrouth-la-chronique-culture<\/a><\/p>\n\n\n\n<p>Amina&nbsp;:<\/p>\n\n\n\n<figure class=\"wp-block-embed-wordpress wp-block-embed is-type-wp-embed is-provider-amina\"><div class=\"wp-block-embed__wrapper\">\n<blockquote class=\"wp-embedded-content\" data-secret=\"jOLGYm083z\"><a href=\"https:\/\/www.amina-mag.com\/khaled-et-son-hommage-a-beyrouth\/\">Khaled et son hommage \u00e0 Beyrouth<\/a><\/blockquote><iframe loading=\"lazy\" class=\"wp-embedded-content\" sandbox=\"allow-scripts\" security=\"restricted\" style=\"position: absolute; clip: rect(1px, 1px, 1px, 1px);\" title=\"\u00ab\u00a0Khaled et son hommage \u00e0 Beyrouth\u00a0\u00bb &#8212; AMINA\" src=\"https:\/\/www.amina-mag.com\/khaled-et-son-hommage-a-beyrouth\/embed\/#?secret=jOLGYm083z\" data-secret=\"jOLGYm083z\" width=\"600\" height=\"338\" frameborder=\"0\" marginwidth=\"0\" marginheight=\"0\" scrolling=\"no\"><\/iframe>\n<\/div><\/figure>\n\n\n\n<p>T\u00e9l\u00e9 7 jours&nbsp;:<\/p>\n\n\n\n<p><a href=\"https:\/\/www.programme-television.org\/news-tv\/Explosions-a-Beyrouth-la-chanson-hommage-de-Khaled-au-profit-de-la-Croix-Rouge-VIDEO-4662141\">https:\/\/www.programme-television.org\/news-tv\/Explosions-a-Beyrouth-la-chanson-hommage-de-Khaled-au-profit-de-la-Croix-Rouge-VIDEO-4662141<\/a><\/p>\n\n\n\n<p>Le Point&nbsp;:<\/p>\n\n\n\n<p><a href=\"https:\/\/www.lepoint.fr\/culture\/les-choix-culture-du-point-lacher-de-monstres-et-rai-pour-beyrouth-19-08-2020-2388204_3.php\">https:\/\/www.lepoint.fr\/culture\/les-choix-culture-du-point-lacher-de-monstres-et-rai-pour-beyrouth-19-08-2020-2388204_3.php<\/a><\/p>\n\n\n\n<p>Great song&nbsp;:<\/p>\n\n\n\n<p><a href=\"https:\/\/greatsong.net\/paroles-elle-sappelle-beyrouth-khaled\">https:\/\/greatsong.net\/paroles-elle-sappelle-beyrouth-khaled<\/a><\/p>\n\n\n\n<p>L&rsquo;Info&nbsp;:<\/p>\n\n\n\n<p><a href=\"https:\/\/www.linfo.re\/magazine\/culture\/elle-s-appelle-beyrouth-decouvrez-la-chanson-de-khaled-en-hommage-a-la-capitale-du-liban\">https:\/\/www.linfo.re\/magazine\/culture\/elle-s-appelle-beyrouth-decouvrez-la-chanson-de-khaled-en-hommage-a-la-capitale-du-liban<\/a><\/p>\n\n\n\n<p>Le r\u00e9publicain lorrain&nbsp;:<\/p>\n\n\n\n<p><a href=\"https:\/\/www.republicain-lorrain.fr\/culture-loisirs\/2020\/08\/15\/pour-beyrouth-la-star-du-rai-khaled-sort-un-nouveau-titre\">https:\/\/www.republicain-lorrain.fr\/culture-loisirs\/2020\/08\/15\/pour-beyrouth-la-star-du-rai-khaled-sort-un-nouveau-titre<\/a><\/p>\n\n\n\n<p>DNA&nbsp;:<\/p>\n\n\n\n<p><a href=\"https:\/\/www.dna.fr\/culture-loisirs\/2020\/08\/15\/pour-beyrouth-la-star-du-rai-khaled-sort-un-nouveau-titre\">https:\/\/www.dna.fr\/culture-loisirs\/2020\/08\/15\/pour-beyrouth-la-star-du-rai-khaled-sort-un-nouveau-titre<\/a><\/p>\n\n\n\n<p>VOA&nbsp;:<\/p>\n\n\n\n<p><a href=\"https:\/\/www.voaafrique.com\/a\/un-titre-du-chanteur-khaled-pour-beyrouth\/5544055.html\">https:\/\/www.voaafrique.com\/a\/un-titre-du-chanteur-khaled-pour-beyrouth\/5544055.html<\/a><\/p>\n\n\n\n<p>Le Parisien&nbsp;:<\/p>\n\n\n\n<p><a href=\"https:\/\/www.leparisien.fr\/culture-loisirs\/elle-s-appelle-beyrouth-khaled-chante-l-espoir-pour-la-capitale-du-liban-18-08-2020-8369550.php\">https:\/\/www.leparisien.fr\/culture-loisirs\/elle-s-appelle-beyrouth-khaled-chante-l-espoir-pour-la-capitale-du-liban-18-08-2020-8369550.php<\/a><\/p>\n\n\n\n<p>France Info&nbsp;:<\/p>\n\n\n\n<p><a href=\"https:\/\/www.francetvinfo.fr\/culture\/musique\/elle-s-appelle-beyrouth-le-titre-hommage-du-chanteur-khaled-a-la-capitale-du-liban-meurtrie-par-l-explosion_4080145.html\">https:\/\/www.francetvinfo.fr\/culture\/musique\/elle-s-appelle-beyrouth-le-titre-hommage-du-chanteur-khaled-a-la-capitale-du-liban-meurtrie-par-l-explosion_4080145.html<\/a><\/p>\n\n\n\n<p>Suis-nous&nbsp;:<\/p>\n\n\n\n<figure class=\"wp-block-embed-wordpress wp-block-embed is-type-wp-embed is-provider-suis-nous\"><div class=\"wp-block-embed__wrapper\">\n<blockquote class=\"wp-embedded-content\" data-secret=\"ttsECJTOSK\"><a href=\"https:\/\/suis-nous.com\/khaled-chante-pour-beyrouth\/\">Khaled chante pour Beyrouth.<\/a><\/blockquote><iframe loading=\"lazy\" class=\"wp-embedded-content\" sandbox=\"allow-scripts\" security=\"restricted\" style=\"position: absolute; clip: rect(1px, 1px, 1px, 1px);\" title=\"\u00ab\u00a0Khaled chante pour Beyrouth.\u00a0\u00bb &#8212; Suis-Nous\" src=\"https:\/\/suis-nous.com\/khaled-chante-pour-beyrouth\/embed\/#?secret=ttsECJTOSK\" data-secret=\"ttsECJTOSK\" width=\"600\" height=\"338\" frameborder=\"0\" marginwidth=\"0\" marginheight=\"0\" scrolling=\"no\"><\/iframe>\n<\/div><\/figure>\n\n\n\n<p>Purebreack&nbsp;:<\/p>\n\n\n\n<p><a href=\"http:\/\/www.chartsinfrance.net\/Khaled\/news-114810.html\">http:\/\/www.chartsinfrance.net\/Khaled\/news-114810.html<\/a><\/p>\n\n\n\n<p>Femmes News&nbsp;:<\/p>\n\n\n\n<figure class=\"wp-block-embed-wordpress wp-block-embed is-type-wp-embed is-provider-femmes-news\"><div class=\"wp-block-embed__wrapper\">\n<blockquote class=\"wp-embedded-content\" data-secret=\"CuBNrPXnhb\"><a href=\"https:\/\/www.femmesnews.com\/elle-sappelle-beyrouth-le-titre-hommage-du-chanteur-cheb-khaled-10369-2020\/\">&#8220;Elle s&#8217;appelle Beyrouth&#8221;, le titre hommage du chanteur Cheb Khaled<\/a><\/blockquote><iframe loading=\"lazy\" class=\"wp-embedded-content\" sandbox=\"allow-scripts\" security=\"restricted\" style=\"position: absolute; clip: rect(1px, 1px, 1px, 1px);\" title=\"\u00ab\u00a0&#8220;Elle s&#8217;appelle Beyrouth&#8221;, le titre hommage du chanteur Cheb Khaled\u00a0\u00bb &#8212; Femmes News\" src=\"https:\/\/www.femmesnews.com\/elle-sappelle-beyrouth-le-titre-hommage-du-chanteur-cheb-khaled-10369-2020\/embed\/#?secret=CuBNrPXnhb\" data-secret=\"CuBNrPXnhb\" width=\"600\" height=\"338\" frameborder=\"0\" marginwidth=\"0\" marginheight=\"0\" scrolling=\"no\"><\/iframe>\n<\/div><\/figure>\n\n\n\n<p>Actu Daily&nbsp;:<\/p>\n\n\n\n<p><a href=\"https:\/\/afriqueactudaily.com\/index.php\/2020\/08\/17\/maroc-cheb-khaled-chante-pour-beyrouth-2\/\">https:\/\/afriqueactudaily.com\/index.php\/2020\/08\/17\/maroc-cheb-khaled-chante-pour-beyrouth-2\/<\/a><\/p>\n\n\n\n<p>L&rsquo;Alsace&nbsp;:<\/p>\n\n\n\n<p><a href=\"https:\/\/www.lalsace.fr\/culture-loisirs\/2020\/08\/15\/pour-beyrouth-la-star-du-rai-khaled-sort-un-nouveau-titre\">https:\/\/www.lalsace.fr\/culture-loisirs\/2020\/08\/15\/pour-beyrouth-la-star-du-rai-khaled-sort-un-nouveau-titre<\/a><\/p>\n\n\n\n<p>Le Figaro&nbsp;:<\/p>\n\n\n\n<p><a href=\"https:\/\/www.lefigaro.fr\/culture\/explosions-a-beyrouth-le-chanteur-khaled-sort-une-chanson-inedite-pour-aider-le-liban-20200819\">https:\/\/www.lefigaro.fr\/culture\/explosions-a-beyrouth-le-chanteur-khaled-sort-une-chanson-inedite-pour-aider-le-liban-20200819<\/a><\/p>\n\n\n\n<p>Ouest France&nbsp;:<\/p>\n\n\n\n<p><a href=\"https:\/\/www.ouest-france.fr\/culture\/musiques\/explosions-a-beyrouth-khaled-devoile-une-chanson-en-hommage-a-la-capitale-libanaise-6942170\">https:\/\/www.ouest-france.fr\/culture\/musiques\/explosions-a-beyrouth-khaled-devoile-une-chanson-en-hommage-a-la-capitale-libanaise-6942170<\/a><\/p>\n\n\n\n<p>La voix du Nord&nbsp;:<\/p>\n\n\n\n<p><a href=\"https:\/\/www.lavoixdunord.fr\/852140\/article\/2020-08-15\/cheb-khaled-va-sortir-le-titre-elle-s-appelle-beyrouth-en-hommage-aux-libanais\">https:\/\/www.lavoixdunord.fr\/852140\/article\/2020-08-15\/cheb-khaled-va-sortir-le-titre-elle-s-appelle-beyrouth-en-hommage-aux-libanais<\/a><\/p>\n\n\n\n<p>Jean-Marc Morandini&nbsp;:<\/p>\n\n\n\n<p><a href=\"https:\/\/www.jeanmarcmorandini.com\/article-434062-explosions-a-beyrouth-le-chanteur-khaled-a-ecrit-une-chanson-en-hommage-a-la-ville-les-benefices-seront-reverses-a-la-croix-rouge-ecoutez.html\">https:\/\/www.jeanmarcmorandini.com\/article-434062-explosions-a-beyrouth-le-chanteur-khaled-a-ecrit-une-chanson-en-hommage-a-la-ville-les-benefices-seront-reverses-a-la-croix-rouge-ecoutez.html<\/a><\/p>\n\n\n\n<p>Le progr\u00e8s&nbsp;:<\/p>\n\n\n\n<p><a href=\"https:\/\/www.leprogres.fr\/culture-loisirs\/2020\/08\/15\/pour-beyrouth-la-star-du-rai-khaled-sort-un-nouveau-titre\">https:\/\/www.leprogres.fr\/culture-loisirs\/2020\/08\/15\/pour-beyrouth-la-star-du-rai-khaled-sort-un-nouveau-titre<\/a><\/p>\n\n\n\n<p>Yahoo Actualit\u00e9s&nbsp;:<\/p>\n\n\n\n<p><a href=\"https:\/\/fr.news.yahoo.com\/explosions-%C3%A0-beyrouth-chanteur-khaled-200533723.html\">https:\/\/fr.news.yahoo.com\/explosions-%C3%A0-beyrouth-chanteur-khaled-200533723.html<\/a><\/p>\n\n\n\n<p>Rennes, ma ville&nbsp;:<\/p>\n\n\n\n<p><a href=\"https:\/\/rennes.maville.com\/actu\/actudet_-explosions-a-beyrouth.-khaled-devoile-une-chanson-en-hommage-a-la-capitale-libanaise_53511-4234727_actu.Htm\">https:\/\/rennes.maville.com\/actu\/actudet_-explosions-a-beyrouth.-khaled-devoile-une-chanson-en-hommage-a-la-capitale-libanaise_53511-4234727_actu.Htm<\/a><\/p>\n\n\n\n<p>Vosges le matin&nbsp;:<\/p>\n\n\n\n<p><a href=\"https:\/\/www.vosgesmatin.fr\/culture-loisirs\/2020\/08\/15\/pour-beyrouth-la-star-du-rai-khaled-sort-un-nouveau-titre\">https:\/\/www.vosgesmatin.fr\/culture-loisirs\/2020\/08\/15\/pour-beyrouth-la-star-du-rai-khaled-sort-un-nouveau-titre<\/a><\/p>\n\n\n\n<p>MSN&nbsp;:<\/p>\n\n\n\n<p><a href=\"https:\/\/www.msn.com\/fr-xl\/northafrica\/other\/khaled-chante-elle-s-appelle-beyrouth\/ar-BB187FKW?li=AAGN08W\">https:\/\/www.msn.com\/fr-xl\/northafrica\/other\/khaled-chante-elle-s-appelle-beyrouth\/ar-BB187FKW?li=AAGN08W<\/a><\/p>\n\n\n\n<p>ET<\/p>\n\n\n\n<p><a href=\"https:\/\/www.msn.com\/fr-xl\/divertissement\/celebrites\/elle-sappelle-beyrouth-le-titre-hommage-du-chanteur-khaled-%C3%A0-la-capitale-du-liban-meurtrie-par-lexplosion\/ar-BB18cdoF?li=AADNyR0\">https:\/\/www.msn.com\/fr-xl\/divertissement\/celebrites\/elle-sappelle-beyrouth-le-titre-hommage-du-chanteur-khaled-%C3%A0-la-capitale-du-liban-meurtrie-par-lexplosion\/ar-BB18cdoF?li=AADNyR0<\/a><\/p>\n\n\n\n<p>CANADA \/ QUEBEC<\/p>\n\n\n\n<p>Le Journal de Montreal&nbsp;:<\/p>\n\n\n\n<p><a href=\"https:\/\/www.journaldemontreal.com\/2020\/08\/14\/une-chanson-du-chanteur-khaled-pour-beyrouth\">https:\/\/www.journaldemontreal.com\/2020\/08\/14\/une-chanson-du-chanteur-khaled-pour-beyrouth<\/a><\/p>\n\n\n\n<p>M\u00e9tro Lyrics<\/p>\n\n\n\n<p><a href=\"https:\/\/www.metrolyrics.com\/elle-sappelle-beyrouth-lyrics-khaled.html\">https:\/\/www.metrolyrics.com\/elle-sappelle-beyrouth-lyrics-khaled.html<\/a><\/p>\n\n\n\n<p>Journal de Quebec&nbsp;:<\/p>\n\n\n\n<p><a href=\"https:\/\/www.journaldequebec.com\/2020\/08\/14\/une-chanson-du-chanteur-khaled-pour-beyrouth\">https:\/\/www.journaldequebec.com\/2020\/08\/14\/une-chanson-du-chanteur-khaled-pour-beyrouth<\/a><\/p>\n\n\n\n<p>EGYPTE<\/p>\n\n\n\n<p>Masrawy&nbsp;:<\/p>\n\n\n\n<p><a href=\"https:\/\/www.masrawy.com\/arts\/music\/details\/2020\/8\/18\/1856010\/%d8%a7%d9%84%d8%b4%d8%a7%d8%a8-%d8%ae%d8%a7%d9%84%d8%af-%d9%8a%d8%b7%d8%b1%d8%ad-%d8%a3%d8%ad%d8%af%d8%ab-%d8%a3%d8%ba%d8%a7%d9%86%d9%8a%d9%87-%d8%a7%d8%b3%d9%85%d9%87%d8%a7-%d8%a8%d9%8a%d8%b1%d9%88%d8%aa-%d8%aa%d8%b6%d8%a7%d9%85%d9%86%d8%a7-%d9%85%d8%b9-%d8%b6%d8%ad%d8%a7%d9%8a%d8%a7-%d8%a7%d9%84%d8%a7%d9%86%d9%81%d8%ac%d8%a7%d8%b1\">https:\/\/www.masrawy.com\/arts\/music\/details\/2020\/8\/18\/1856010\/%d8%a7%d9%84%d8%b4%d8%a7%d8%a8-%d8%ae%d8%a7%d9%84%d8%af-%d9%8a%d8%b7%d8%b1%d8%ad-%d8%a3%d8%ad%d8%af%d8%ab-%d8%a3%d8%ba%d8%a7%d9%86%d9%8a%d9%87-%d8%a7%d8%b3%d9%85%d9%87%d8%a7-%d8%a8%d9%8a%d8%b1%d9%88%d8%aa-%d8%aa%d8%b6%d8%a7%d9%85%d9%86%d8%a7-%d9%85%d8%b9-%d8%b6%d8%ad%d8%a7%d9%8a%d8%a7-%d8%a7%d9%84%d8%a7%d9%86%d9%81%d8%ac%d8%a7%d8%b1<\/a><\/p>\n\n\n\n<p>El Gornal&nbsp;:<\/p>\n\n\n\n<p><a href=\"http:\/\/www.elgornal.net\/news\/news.aspx?id=14404170\">http:\/\/www.elgornal.net\/news\/news.aspx?id=14404170<\/a><\/p>\n\n\n\n<p>AFRIQUE<\/p>\n\n\n\n<p>All Africa&nbsp;:<\/p>\n\n\n\n<p><a href=\"https:\/\/fr.allafrica.com\/stories\/202008170803.html\">https:\/\/fr.allafrica.com\/stories\/202008170803.html<\/a><\/p>\n\n\n\n<p>Africain Info&nbsp;:<\/p>\n\n\n\n<p><a href=\"https:\/\/www.africain.info\/news=5037834\">https:\/\/www.africain.info\/news=5037834<\/a><\/p>\n\n\n\n<p>AZ Show&nbsp;:<\/p>\n\n\n\n<p><a href=\"https:\/\/azshow.info\/watch\/5J3e-mMLETY\/khaled-ft-rodge-elle-s-appelle-beyrouth-official-music-video-khald-w-rwdj-asmha-byrwt.html\">https:\/\/azshow.info\/watch\/5J3e-mMLETY\/khaled-ft-rodge-elle-s-appelle-beyrouth-official-music-video-khald-w-rwdj-asmha-byrwt.html<\/a><\/p>\n\n\n\n<p>MAROC<\/p>\n\n\n\n<p>2M<\/p>\n\n\n\n<p><a href=\"http:\/\/www.2m.ma\/ar\/news\/%D8%A7%D9%84%D8%B4%D8%A7%D8%A8-%D8%AE%D8%A7%D9%84%D8%AF-%D9%8A%D8%B7%D8%B1%D8%AD-%D8%A3%D8%BA%D9%86%D9%8A%D8%A9-%D8%A7%D8%B3%D9%85%D9%87%D8%A7-%D8%A8%D9%8A%D8%B1%D9%88%D8%AA-%D8%AA%D8%B6%D8%A7%D9%85%D9%86%D8%A7-%D9%85%D8%B9-%D8%B6%D8%AD%D8%A7%D9%8A%D8%A7-%D8%A7%D9%86%D9%81%D8%AC%D8%A7%D8%B1-%D8%A7%D9%84%D9%85%D8%B1%D9%81%D8%A3-20200818\/\">http:\/\/www.2m.ma\/ar\/news\/%D8%A7%D9%84%D8%B4%D8%A7%D8%A8-%D8%AE%D8%A7%D9%84%D8%AF-%D9%8A%D8%B7%D8%B1%D8%AD-%D8%A3%D8%BA%D9%86%D9%8A%D8%A9-%D8%A7%D8%B3%D9%85%D9%87%D8%A7-%D8%A8%D9%8A%D8%B1%D9%88%D8%AA-%D8%AA%D8%B6%D8%A7%D9%85%D9%86%D8%A7-%D9%85%D8%B9-%D8%B6%D8%AD%D8%A7%D9%8A%D8%A7-%D8%A7%D9%86%D9%81%D8%AC%D8%A7%D8%B1-%D8%A7%D9%84%D9%85%D8%B1%D9%81%D8%A3-20200818\/<\/a><\/p>\n\n\n\n<p>Hespress&nbsp;:<\/p>\n\n\n\n<p><a href=\"https:\/\/fr.hespress.com\/160919-elle-sappelle-beyrouth-quand-khaled-chante-pour-le-liban.html\">https:\/\/fr.hespress.com\/160919-elle-sappelle-beyrouth-quand-khaled-chante-pour-le-liban.html<\/a><\/p>\n\n\n\n<p>Grazia&nbsp;:<\/p>\n\n\n\n<p><a href=\"https:\/\/www.graziamaroc.ma\/articles\/khaled-sort-une-chanson-aemouvante-en-hommage-aa-beyrouth\/ZCEFAZDF\">https:\/\/www.graziamaroc.ma\/articles\/khaled-sort-une-chanson-aemouvante-en-hommage-aa-beyrouth\/ZCEFAZDF<\/a><\/p>\n\n\n\n<p>Le matin&nbsp;:<\/p>\n\n\n\n<p><a href=\"https:\/\/lematin.ma\/express\/2020\/cheb-khaled-chante-beyrouth-suscite-lire-algeriens-contre-maroc\/342868.html\">https:\/\/lematin.ma\/express\/2020\/cheb-khaled-chante-beyrouth-suscite-lire-algeriens-contre-maroc\/342868.html<\/a><\/p>\n\n\n\n<p>Lib\u00e9ration&nbsp;:<\/p>\n\n\n\n<p><a href=\"https:\/\/www.libe.ma\/%E2%80%8BCheb-Khaled-chante-pour-Beyrouth_a119677.html\">https:\/\/www.libe.ma\/%E2%80%8BCheb-Khaled-chante-pour-Beyrouth_a119677.html<\/a><\/p>\n\n\n\n<p>360&nbsp;:<\/p>\n\n\n\n<p><a href=\"https:\/\/fr.le360.ma\/culture\/khaled-chante-pour-beyrouth-221254\">https:\/\/fr.le360.ma\/culture\/khaled-chante-pour-beyrouth-221254<\/a><\/p>\n\n\n\n<p>Riouak&nbsp;:<\/p>\n\n\n\n<p><a href=\"https:\/\/riouak.com\/cheb-khaled-beyrouth\/\">https:\/\/riouak.com\/cheb-khaled-beyrouth\/<\/a><\/p>\n\n\n\n<p>H24 Info&nbsp;:<\/p>\n\n\n\n<figure class=\"wp-block-embed-wordpress wp-block-embed is-type-wp-embed is-provider-h-24-info\"><div class=\"wp-block-embed__wrapper\">\n<blockquote class=\"wp-embedded-content\" data-secret=\"RmtqrsdNWc\"><a href=\"https:\/\/www.h24info.ma\/culture\/video-cheb-khaled-critique-pour-avoir-brandi-le-drapeau-marocain-dans-son-dernier-clip\/\">Vid\u00e9o. Cheb Khaled critiqu\u00e9 pour avoir brandi le drapeau marocain dans son dernier clip<\/a><\/blockquote><iframe loading=\"lazy\" class=\"wp-embedded-content\" sandbox=\"allow-scripts\" security=\"restricted\" style=\"position: absolute; clip: rect(1px, 1px, 1px, 1px);\" title=\"\u00ab\u00a0Vid\u00e9o. Cheb Khaled critiqu\u00e9 pour avoir brandi le drapeau marocain dans son dernier clip\u00a0\u00bb &#8212; H24info\" src=\"https:\/\/www.h24info.ma\/culture\/video-cheb-khaled-critique-pour-avoir-brandi-le-drapeau-marocain-dans-son-dernier-clip\/embed\/#?secret=RmtqrsdNWc\" data-secret=\"RmtqrsdNWc\" width=\"600\" height=\"338\" frameborder=\"0\" marginwidth=\"0\" marginheight=\"0\" scrolling=\"no\"><\/iframe>\n<\/div><\/figure>\n\n\n\n<p>Le brief&nbsp;:<\/p>\n\n\n\n<p><a href=\"https:\/\/lebrief.ma\/7209-cheb-khaled-critique-suite-lapparition-du-drapeau-marocain-dans-son-clip\">https:\/\/lebrief.ma\/7209-cheb-khaled-critique-suite-lapparition-du-drapeau-marocain-dans-son-clip<\/a><\/p>\n\n\n\n<p>Le Petit Journal Marocain&nbsp;:<\/p>\n\n\n\n<figure class=\"wp-block-embed-wordpress wp-block-embed is-type-wp-embed is-provider-lpjm\"><div class=\"wp-block-embed__wrapper\">\n<blockquote class=\"wp-embedded-content\" data-secret=\"0XrzpCj4Gr\"><a href=\"https:\/\/lepetitjournalmarocain.com\/2020\/08\/18\/video-cheb-khaled-critique-a-cause-du-drapeau-marocain-dans-son-dernier-clip\/\">(Vid\u00e9o) Cheb Khaled critiqu\u00e9 \u00e0 cause du drapeau marocain dans son dernier clip<\/a><\/blockquote><iframe loading=\"lazy\" class=\"wp-embedded-content\" sandbox=\"allow-scripts\" security=\"restricted\" style=\"position: absolute; clip: rect(1px, 1px, 1px, 1px);\" title=\"\u00ab\u00a0(Vid\u00e9o) Cheb Khaled critiqu\u00e9 \u00e0 cause du drapeau marocain dans son dernier clip\u00a0\u00bb &#8212; LPJM\" src=\"https:\/\/lepetitjournalmarocain.com\/2020\/08\/18\/video-cheb-khaled-critique-a-cause-du-drapeau-marocain-dans-son-dernier-clip\/embed\/#?secret=0XrzpCj4Gr\" data-secret=\"0XrzpCj4Gr\" width=\"600\" height=\"338\" frameborder=\"0\" marginwidth=\"0\" marginheight=\"0\" scrolling=\"no\"><\/iframe>\n<\/div><\/figure>\n\n\n\n<p>RUSSIE \n<\/p>\n\n\n\n<p>Yandex<\/p>\n\n\n\n<p>ETATS UNIS<\/p>\n\n\n\n<p>Morocco world news&nbsp;:<\/p>\n\n\n\n<figure class=\"wp-block-embed-wordpress wp-block-embed is-type-wp-embed is-provider-morocco-world-news\"><div class=\"wp-block-embed__wrapper\">\n<blockquote class=\"wp-embedded-content\" data-secret=\"20RVea9juk\"><a href=\"https:\/\/www.moroccoworldnews.com\/2020\/08\/315515\/beirut-explosion-rai-singer-cheb-khaled-pays-tribute-to-lebanon\/\">Beirut Explosion: Rai Singer Cheb Khaled Pays Tribute to Lebanon<\/a><\/blockquote><iframe loading=\"lazy\" class=\"wp-embedded-content\" sandbox=\"allow-scripts\" security=\"restricted\" style=\"position: absolute; clip: rect(1px, 1px, 1px, 1px);\" title=\"&#8220;Beirut Explosion: Rai Singer Cheb Khaled Pays Tribute to Lebanon&#8221; &#8212; Morocco World News\" src=\"https:\/\/www.moroccoworldnews.com\/2020\/08\/315515\/beirut-explosion-rai-singer-cheb-khaled-pays-tribute-to-lebanon\/embed\/#?secret=20RVea9juk\" data-secret=\"20RVea9juk\" width=\"600\" height=\"338\" frameborder=\"0\" marginwidth=\"0\" marginheight=\"0\" scrolling=\"no\"><\/iframe>\n<\/div><\/figure>\n\n\n\n<p>Time 24 news&nbsp;:<\/p>\n\n\n\n<figure class=\"wp-block-embed-wordpress wp-block-embed is-type-wp-embed is-provider-time-24-news\"><div class=\"wp-block-embed__wrapper\">\n<blockquote class=\"wp-embedded-content\" data-secret=\"78vjYaAOV0\"><a href=\"https:\/\/www.time24.news\/2020\/08\/khaled-releases-new-song-to-help-lebanon.html\">Khaled releases new song to help Lebanon<\/a><\/blockquote><iframe loading=\"lazy\" class=\"wp-embedded-content\" sandbox=\"allow-scripts\" security=\"restricted\" style=\"position: absolute; clip: rect(1px, 1px, 1px, 1px);\" title=\"&#8220;Khaled releases new song to help Lebanon&#8221; &#8212; Time24 News\" src=\"https:\/\/www.time24.news\/2020\/08\/khaled-releases-new-song-to-help-lebanon.html\/embed#?secret=78vjYaAOV0\" data-secret=\"78vjYaAOV0\" width=\"600\" height=\"338\" frameborder=\"0\" marginwidth=\"0\" marginheight=\"0\" scrolling=\"no\"><\/iframe>\n<\/div><\/figure>\n\n\n\n<p>BELGIQUE \n<\/p>\n\n\n\n<p>BXL&nbsp;:<\/p>\n\n\n\n<figure class=\"wp-block-embed-wordpress wp-block-embed is-type-wp-embed is-provider-bx-1\"><div class=\"wp-block-embed__wrapper\">\n<blockquote class=\"wp-embedded-content\" data-secret=\"AXdWVUOEtb\"><a href=\"https:\/\/bx1.be\/depeches\/un-titre-du-chanteur-khaled-pour-beyrouth\/\">Un titre du chanteur Khaled pour Beyrouth<\/a><\/blockquote><iframe loading=\"lazy\" class=\"wp-embedded-content\" sandbox=\"allow-scripts\" security=\"restricted\" style=\"position: absolute; clip: rect(1px, 1px, 1px, 1px);\" title=\"\u00ab\u00a0Un titre du chanteur Khaled pour Beyrouth\u00a0\u00bb &#8212; BX1\" src=\"https:\/\/bx1.be\/depeches\/un-titre-du-chanteur-khaled-pour-beyrouth\/embed\/#?secret=AXdWVUOEtb\" data-secret=\"AXdWVUOEtb\" width=\"600\" height=\"338\" frameborder=\"0\" marginwidth=\"0\" marginheight=\"0\" scrolling=\"no\"><\/iframe>\n<\/div><\/figure>\n\n\n\n<p>Proximus&nbsp;:<\/p>\n\n\n\n<p><a href=\"https:\/\/www.proximus.be\/pickx\/fr\/2069161\/un-titre-du-chanteur-khaled-pour-beyrouth\">https:\/\/www.proximus.be\/pickx\/fr\/2069161\/un-titre-du-chanteur-khaled-pour-beyrouth<\/a><\/p>\n\n\n\n<p>Le Soir&nbsp;:<\/p>\n\n\n\n<p><a href=\"https:\/\/soirmag.lesoir.be\/319820\/article\/2020-08-19\/khaled-devoile-une-nouvelle-chanson-en-hommage-beyrouth-video\">https:\/\/soirmag.lesoir.be\/319820\/article\/2020-08-19\/khaled-devoile-une-nouvelle-chanson-en-hommage-beyrouth-video<\/a><\/p>\n\n\n\n<p>ARABIE SAOUDITE<\/p>\n\n\n\n<p>Arab News&nbsp;:<\/p>\n\n\n\n<p><a href=\"https:\/\/www.arabnews.fr\/node\/7271\/culture\">https:\/\/www.arabnews.fr\/node\/7271\/culture<\/a><\/p>\n\n\n\n<p>Elaph&nbsp;:<\/p>\n\n\n\n<p><a href=\"https:\/\/elaph.com\/Web\/Entertainment\/2020\/08\/1302233.html\">https:\/\/elaph.com\/Web\/Entertainment\/2020\/08\/1302233.html<\/a><\/p>\n\n\n\n<p>MOYEN ORIENT<\/p>\n\n\n\n<p>Arab sounds&nbsp;:<\/p>\n\n\n\n<figure class=\"wp-block-embed-wordpress wp-block-embed is-type-wp-embed is-provider-arabsounds-net\"><div class=\"wp-block-embed__wrapper\">\nhttps:\/\/www.arabsounds.net\/khaled-ft-rodge-elle-sappelle-beyrouth\/\n<\/div><\/figure>\n\n\n\n<p>Albawaba<\/p>\n\n\n\n<p><a href=\"https:\/\/www.albawaba.com\/entertainment\/cheb-khaled-releases-new-music-its-name-beirut-dedicated-lebanon-1375479\">https:\/\/www.albawaba.com\/entertainment\/cheb-khaled-releases-new-music-its-name-beirut-dedicated-lebanon-1375479<\/a><\/p>\n\n\n\n<p>GQ&nbsp;:<\/p>\n\n\n\n<p><a href=\"https:\/\/www.gqmiddleeast.com\/culture\/cheb-khaled-and-rodge-release-single-to-help-beirut\">https:\/\/www.gqmiddleeast.com\/culture\/cheb-khaled-and-rodge-release-single-to-help-beirut<\/a><\/p>\n\n\n\n<p>ALGERIE&nbsp;:<\/p>\n\n\n\n<p>L&rsquo;expression&nbsp;:<\/p>\n\n\n\n<p><a href=\"http:\/\/www.lexpressiondz.com\/culture\/khaled-chante-elle-s-appelle-beyrouth-333998\">http:\/\/www.lexpressiondz.com\/culture\/khaled-chante-elle-s-appelle-beyrouth-333998<\/a><\/p>\n\n\n\n<p>ET<\/p>\n\n\n\n<p><a href=\"https:\/\/www.lexpressiondz.com\/chroniques\/de-quoi-jme-mele\/khaled-chante-pour-beyrouth-318880\">https:\/\/www.lexpressiondz.com\/chroniques\/de-quoi-jme-mele\/khaled-chante-pour-beyrouth-318880<\/a><\/p>\n\n\n\n<p>Liberte&nbsp;:<\/p>\n\n\n\n<p><a href=\"http:\/\/www.liberte-algerie.com\/culture\/khaled-solidaire-des-libanais-343989\">http:\/\/www.liberte-algerie.com\/culture\/khaled-solidaire-des-libanais-343989<\/a><\/p>\n\n\n\n<p>Dzair daily&nbsp;:<\/p>\n\n\n\n<figure class=\"wp-block-embed-wordpress wp-block-embed is-type-wp-embed is-provider-dzair-daily\"><div class=\"wp-block-embed__wrapper\">\n<blockquote class=\"wp-embedded-content\" data-secret=\"YfOgYqkV6s\"><a href=\"https:\/\/www.dzairdaily.com\/explosion-liban-cheb-khaled-effectuera-aide-financiere\/\">Explosion au Liban : Cheb Khaled effectuera une aide financi\u00e8re<\/a><\/blockquote><iframe loading=\"lazy\" class=\"wp-embedded-content\" sandbox=\"allow-scripts\" security=\"restricted\" style=\"position: absolute; clip: rect(1px, 1px, 1px, 1px);\" title=\"\u00ab\u00a0Explosion au Liban : Cheb Khaled effectuera une aide financi\u00e8re\u00a0\u00bb &#8212; Dzair Daily\" src=\"https:\/\/www.dzairdaily.com\/explosion-liban-cheb-khaled-effectuera-aide-financiere\/embed\/#?secret=YfOgYqkV6s\" data-secret=\"YfOgYqkV6s\" width=\"600\" height=\"338\" frameborder=\"0\" marginwidth=\"0\" marginheight=\"0\" scrolling=\"no\"><\/iframe>\n<\/div><\/figure>\n\n\n\n<p>Alg\u00e9rie 360&nbsp;:<\/p>\n\n\n\n<figure class=\"wp-block-embed-wordpress wp-block-embed is-type-wp-embed is-provider-wordpress\"><div class=\"wp-block-embed__wrapper\">\n<blockquote class=\"wp-embedded-content\" data-secret=\"ebd6zLelIo\"><a href=\"https:\/\/www.algerie360.com\/20200814-explosions-a-beyrouth-cheb-khaled-soutient-le-liban-avec-son-nouveau-single\/\">Explosions \u00e0 Beyrouth : Cheb Khaled soutient le Liban avec son nouveau single<\/a><\/blockquote><iframe loading=\"lazy\" class=\"wp-embedded-content\" sandbox=\"allow-scripts\" security=\"restricted\" style=\"position: absolute; clip: rect(1px, 1px, 1px, 1px);\" title=\"\u00ab\u00a0Explosions \u00e0 Beyrouth : Cheb Khaled soutient le Liban avec son nouveau single\u00a0\u00bb &#8212; \" src=\"https:\/\/www.algerie360.com\/20200814-explosions-a-beyrouth-cheb-khaled-soutient-le-liban-avec-son-nouveau-single\/embed\/#?secret=ebd6zLelIo\" data-secret=\"ebd6zLelIo\" width=\"600\" height=\"338\" frameborder=\"0\" marginwidth=\"0\" marginheight=\"0\" scrolling=\"no\"><\/iframe>\n<\/div><\/figure>\n\n\n\n<p>R\u00e9flexion&nbsp;:<\/p>\n\n\n\n<p><a href=\"https:\/\/www.reflexiondz.net\/Cheb-Khaled-chante-pour-Beyrouth_a64679.html\">https:\/\/www.reflexiondz.net\/Cheb-Khaled-chante-pour-Beyrouth_a64679.html<\/a><\/p>\n\n\n\n<p>24h DZ&nbsp;:<\/p>\n\n\n\n<figure class=\"wp-block-embed-wordpress wp-block-embed is-type-wp-embed is-provider-24-h-algerie-infos-videos-opinions\"><div class=\"wp-block-embed__wrapper\">\n<blockquote class=\"wp-embedded-content\" data-secret=\"ASDGmTHFEa\"><a href=\"https:\/\/www.24hdz.com\/cheb-khaled-chante-beyrouth-rodge\/\">Cheb Khaled chante pour Beyrouth<\/a><\/blockquote><iframe loading=\"lazy\" class=\"wp-embedded-content\" sandbox=\"allow-scripts\" security=\"restricted\" style=\"position: absolute; clip: rect(1px, 1px, 1px, 1px);\" title=\"\u00ab\u00a0Cheb Khaled chante pour Beyrouth\u00a0\u00bb &#8212; 24H Alg\u00e9rie - Infos - vid\u00e9os - opinions.\" src=\"https:\/\/www.24hdz.com\/cheb-khaled-chante-beyrouth-rodge\/embed\/#?secret=ASDGmTHFEa\" data-secret=\"ASDGmTHFEa\" width=\"600\" height=\"338\" frameborder=\"0\" marginwidth=\"0\" marginheight=\"0\" scrolling=\"no\"><\/iframe>\n<\/div><\/figure>\n\n\n\n<p>Al Akhbar&nbsp;:<\/p>\n\n\n\n<p><a href=\"https:\/\/www.al-akhbar.com\/Celebrities\/292852\/%D8%A7%D9%84%D8%B4%D8%A7%D8%A8-%D8%AE%D8%A7%D9%84%D8%AF-%D9%88%D9%86%D8%A7%D8%B5%D9%8A%D9%81-%D9%84%D9%80-%D8%A8%D9%8A%D8%B1%D9%88%D8%AA\">https:\/\/www.al-akhbar.com\/Celebrities\/292852\/%D8%A7%D9%84%D8%B4%D8%A7%D8%A8-%D8%AE%D8%A7%D9%84%D8%AF-%D9%88%D9%86%D8%A7%D8%B5%D9%8A%D9%81-%D9%84%D9%80-%D8%A8%D9%8A%D8%B1%D9%88%D8%AA<\/a><\/p>\n\n\n\n<p>Alg\u00e9rie Infos&nbsp;:<\/p>\n\n\n\n<figure class=\"wp-block-embed-wordpress wp-block-embed is-type-wp-embed is-provider-algerie-infos\"><div class=\"wp-block-embed__wrapper\">\n<blockquote class=\"wp-embedded-content\" data-secret=\"82MAIxcOFo\"><a href=\"https:\/\/www.algerieinfos.com\/musique-magnifique-hommage-de-khaled-a-beyrouth-video\/\">Musique: magnifique hommage de Khaled \u00e0 Beyrouth (vid\u00e9o)<\/a><\/blockquote><iframe loading=\"lazy\" class=\"wp-embedded-content\" sandbox=\"allow-scripts\" security=\"restricted\" style=\"position: absolute; clip: rect(1px, 1px, 1px, 1px);\" title=\"\u00ab\u00a0Musique: magnifique hommage de Khaled \u00e0 Beyrouth (vid\u00e9o)\u00a0\u00bb &#8212; Alg\u00e9rie infos\" src=\"https:\/\/www.algerieinfos.com\/musique-magnifique-hommage-de-khaled-a-beyrouth-video\/embed\/#?secret=82MAIxcOFo\" data-secret=\"82MAIxcOFo\" width=\"600\" height=\"338\" frameborder=\"0\" marginwidth=\"0\" marginheight=\"0\" scrolling=\"no\"><\/iframe>\n<\/div><\/figure>\n\n\n\n<p>EMIRATS ARABES UNIS<\/p>\n\n\n\n<p>Al Ain&nbsp;: \n<\/p>\n\n\n\n<p><a href=\"https:\/\/al-ain.com\/article\/cheb-khaled-lebanon-with-my-beautiful-beirut\">https:\/\/al-ain.com\/article\/cheb-khaled-lebanon-with-my-beautiful-beirut<\/a><\/p>\n\n\n\n<p>THAILANDE<\/p>\n\n\n\n<p>Sanook&nbsp;:<\/p>\n\n\n\n<p><a href=\"https:\/\/www.sanook.com\/music\/album\/DDVBKKZOfqYfdgdSqTdhpQ==\/\">https:\/\/www.sanook.com\/music\/album\/DDVBKKZOfqYfdgdSqTdhpQ==\/<\/a><\/p>\n\n\n\n<p>LIBAN<\/p>\n\n\n\n<p>L&rsquo;Orient le jour&nbsp;:<\/p>\n\n\n\n<p><a href=\"https:\/\/www.lorientlejour.com\/article\/1229415\/un-titre-du-chanteur-khaled-pour-beyrouth.html\">https:\/\/www.lorientlejour.com\/article\/1229415\/un-titre-du-chanteur-khaled-pour-beyrouth.html<\/a><\/p>\n\n\n\n<p>The 961&nbsp;:<\/p>\n\n\n\n<figure class=\"wp-block-embed-wordpress wp-block-embed is-type-wp-embed is-provider-the-961\"><div class=\"wp-block-embed__wrapper\">\n<blockquote class=\"wp-embedded-content\" data-secret=\"65PUS8VOT3\"><a href=\"https:\/\/www.the961.com\/cheb-khaled-new-song-support-lebanon\/\">Cheb Khaled Behind &#8216;C&#8217;est La Vie&#8217; &#038; &#8216;Abdel Kader&#8217; Is Releasing A Song To Support Lebanon<\/a><\/blockquote><iframe loading=\"lazy\" class=\"wp-embedded-content\" sandbox=\"allow-scripts\" security=\"restricted\" style=\"position: absolute; clip: rect(1px, 1px, 1px, 1px);\" title=\"&#8220;Cheb Khaled Behind &#8216;C&#8217;est La Vie&#8217; &#038; &#8216;Abdel Kader&#8217; Is Releasing A Song To Support Lebanon&#8221; &#8212; The961\" src=\"https:\/\/www.the961.com\/cheb-khaled-new-song-support-lebanon\/embed\/#?secret=65PUS8VOT3\" data-secret=\"65PUS8VOT3\" width=\"600\" height=\"338\" frameborder=\"0\" marginwidth=\"0\" marginheight=\"0\" scrolling=\"no\"><\/iframe>\n<\/div><\/figure>\n\n\n\n<p>Alkalima Online&nbsp;:<\/p>\n\n\n\n<p><a href=\"https:\/\/www.alkalimaonline.com\/Newsdet.aspx?id=503788\">https:\/\/www.alkalimaonline.com\/Newsdet.aspx?id=503788<\/a><\/p>\n\n\n\n<p>Music Nation&nbsp;:<\/p>\n\n\n\n<figure class=\"wp-block-embed-wordpress wp-block-embed is-type-wp-embed is-provider-musicnation-\u0645\u064a\u0648\u0632\u064a\u0643-\u0646\u0627\u064a\u0634\u0646\"><div class=\"wp-block-embed__wrapper\">\n<blockquote class=\"wp-embedded-content\" data-secret=\"7eOwbbKpTX\"><a href=\"https:\/\/www.musicnation.me\/news\/%d8%a7%d9%84%d8%b4%d8%a7%d8%a8-%d8%ae%d8%a7%d9%84%d8%af-%d9%88-dj-rodge-%d9%8a%d8%b5%d8%af%d8%b1%d8%a7%d9%86-%d8%a3%d8%ba%d9%86%d9%8a%d8%a9-%d8%a7%d8%b3%d9%85%d9%87%d8%a7-%d8%a8%d9%8a%d8%b1%d9%88%d8%aa-%d8%aa%d8%b6%d8%a7%d9%85%d9%86%d8%a7%d9%8b-%d9%85%d8%b9-%d8%a7%d9%84%d8%b4%d8%b9%d8%a8-%d8%a7%d9%84%d9%84%d8%a8%d9%86%d8%a7%d9%86%d9%8a\/\">\u0627\u0644\u0634\u0627\u0628 \u062e\u0627\u0644\u062f \u0648 DJ Rodge \u064a\u0635\u062f\u0631\u0627\u0646 \u0623\u063a\u0646\u064a\u0629 &#8220;\u0627\u0633\u0645\u0647\u0627 \u0628\u064a\u0631\u0648\u062a&#8221; \u062a\u0636\u0627\u0645\u0646\u0627\u064b \u0645\u0639 \u0627\u0644\u0634\u0639\u0628 \u0627\u0644\u0644\u0628\u0646\u0627\u0646\u064a<\/a><\/blockquote><iframe loading=\"lazy\" class=\"wp-embedded-content\" sandbox=\"allow-scripts\" security=\"restricted\" style=\"position: absolute; clip: rect(1px, 1px, 1px, 1px);\" title=\"&#8220;\u0627\u0644\u0634\u0627\u0628 \u062e\u0627\u0644\u062f \u0648 DJ Rodge \u064a\u0635\u062f\u0631\u0627\u0646 \u0623\u063a\u0646\u064a\u0629 &#8220;\u0627\u0633\u0645\u0647\u0627 \u0628\u064a\u0631\u0648\u062a&#8221; \u062a\u0636\u0627\u0645\u0646\u0627\u064b \u0645\u0639 \u0627\u0644\u0634\u0639\u0628 \u0627\u0644\u0644\u0628\u0646\u0627\u0646\u064a&#8221; &#8212; Musicnation - \u0645\u064a\u0648\u0632\u064a\u0643 \u0646\u0627\u064a\u0634\u0646\" src=\"https:\/\/www.musicnation.me\/news\/%d8%a7%d9%84%d8%b4%d8%a7%d8%a8-%d8%ae%d8%a7%d9%84%d8%af-%d9%88-dj-rodge-%d9%8a%d8%b5%d8%af%d8%b1%d8%a7%d9%86-%d8%a3%d8%ba%d9%86%d9%8a%d8%a9-%d8%a7%d8%b3%d9%85%d9%87%d8%a7-%d8%a8%d9%8a%d8%b1%d9%88%d8%aa-%d8%aa%d8%b6%d8%a7%d9%85%d9%86%d8%a7%d9%8b-%d9%85%d8%b9-%d8%a7%d9%84%d8%b4%d8%b9%d8%a8-%d8%a7%d9%84%d9%84%d8%a8%d9%86%d8%a7%d9%86%d9%8a\/embed\/#?secret=7eOwbbKpTX\" data-secret=\"7eOwbbKpTX\" width=\"600\" height=\"338\" frameborder=\"0\" marginwidth=\"0\" marginheight=\"0\" scrolling=\"no\"><\/iframe>\n<\/div><\/figure>\n\n\n\n<p>IM Lebanon&nbsp;:<\/p>\n\n\n\n<figure class=\"wp-block-embed-wordpress wp-block-embed is-type-wp-embed is-provider-imlebanon\"><div class=\"wp-block-embed__wrapper\">\n<blockquote class=\"wp-embedded-content\" data-secret=\"GCGBSLuM9b\"><a href=\"https:\/\/www.imlebanon.org\/2020\/08\/17\/chab-khaled-dj-rodge\/\">\u0627\u0644\u0634\u0627\u0628 \u062e\u0627\u0644\u062f \u064a\u0628\u0643\u064a \u0628\u064a\u0631\u0648\u062a.. \u0648\u0631\u062f\u0648\u062f \u0641\u0639\u0644 \u0633\u0644\u0628\u064a\u0629 \u0639\u0644\u064a\u0647! (\u0641\u064a\u062f\u064a\u0648)<\/a><\/blockquote><iframe loading=\"lazy\" class=\"wp-embedded-content\" sandbox=\"allow-scripts\" security=\"restricted\" style=\"position: absolute; clip: rect(1px, 1px, 1px, 1px);\" title=\"&#8220;\u0627\u0644\u0634\u0627\u0628 \u062e\u0627\u0644\u062f \u064a\u0628\u0643\u064a \u0628\u064a\u0631\u0648\u062a.. \u0648\u0631\u062f\u0648\u062f \u0641\u0639\u0644 \u0633\u0644\u0628\u064a\u0629 \u0639\u0644\u064a\u0647! (\u0641\u064a\u062f\u064a\u0648)&#8221; &#8212; IMLebanon\" src=\"https:\/\/www.imlebanon.org\/2020\/08\/17\/chab-khaled-dj-rodge\/embed\/#?secret=GCGBSLuM9b\" data-secret=\"GCGBSLuM9b\" width=\"600\" height=\"338\" frameborder=\"0\" marginwidth=\"0\" marginheight=\"0\" scrolling=\"no\"><\/iframe>\n<\/div><\/figure>\n\n\n\n<p>Tayyar<\/p>\n\n\n\n<p><a href=\"https:\/\/www.tayyar.org\/News\/Entertainment\/368879\/Explosions-%C3%A0-Beyrouth---le-chanteur-Khaled-et-Rodge-sortent-une-chanson-in%C3%A9dite-pour-aider-le-Liban\">https:\/\/www.tayyar.org\/News\/Entertainment\/368879\/Explosions-%C3%A0-Beyrouth&#8212;le-chanteur-Khaled-et-Rodge-sortent-une-chanson-in%C3%A9dite-pour-aider-le-Liban<\/a><\/p>\n\n\n\n<p>Special Arabia&nbsp;:<\/p>\n\n\n\n<p><a href=\"https:\/\/www.specialarabia.com\/en\/details\/Cheb-Khaled-reveals-his-song-for-Beirut\">https:\/\/www.specialarabia.com\/en\/details\/Cheb-Khaled-reveals-his-song-for-Beirut<\/a><\/p>\n\n\n\n<p>Althaer&nbsp;:<\/p>\n\n\n\n<p><a href=\"http:\/\/www.althaer.com\/mobile\/news\/267957?stay=637336551428128616#\">http:\/\/www.althaer.com\/mobile\/news\/267957?stay=637336551428128616#<\/a><\/p>\n\n\n\n<p>Elfann&nbsp;:<\/p>\n\n\n\n<p><a href=\"https:\/\/www.elfann.com\/news\/show\/1274930\/\u0627\u0644\u0634\u0627\u0628-\u062e\u0627\u0644\u062f-\u0648DJ-Rodge-\u064a\u0637\u0644\u0642\u0627\u0646-\u0623\u063a\u0646\u064a\u062a\u0647\u0645\u0627-\u0627\u0644\u0645\u0647\u062f\u0627\u0629-\u0644\u0644\u0628\u0646\u0627\">https:\/\/www.elfann.com\/news\/show\/1274930\/\u0627\u0644\u0634\u0627\u0628-\u062e\u0627\u0644\u062f-\u0648DJ-Rodge-\u064a\u0637\u0644\u0642\u0627\u0646-\u0623\u063a\u0646\u064a\u062a\u0647\u0645\u0627-\u0627\u0644\u0645\u0647\u062f\u0627\u0629-\u0644\u0644\u0628\u0646\u0627<\/a><\/p>\n\n\n\n<p>ET<\/p>\n\n\n\n<p><a href=\"https:\/\/www.elfann.com\/news\/show\/1274955\/%D8%A7%D9%84%D8%B4%D8%A7%D8%A8-%D8%AE%D8%A7%D9%84%D8%AF-%D8%B4%D9%83%D8%B1%D8%A7%D9%8B-%D9%84%D9%88%D9%81%D8%A7%D8%A6%D9%83-%D8%A8%D9%8A%D8%B1%D9%88%D8%AA-%D9%86%D8%A8%D8%A7%D8%AF%D9%84%D9%83-%D8%A7%D9%84%D9%85%D8%AD%D8%A8%D8%A9-%D9%88%D8%A3%D9%83%D8%AB%D8%B1\">https:\/\/www.elfann.com\/news\/show\/1274955\/%D8%A7%D9%84%D8%B4%D8%A7%D8%A8-%D8%AE%D8%A7%D9%84%D8%AF-%D8%B4%D9%83%D8%B1%D8%A7%D9%8B-%D9%84%D9%88%D9%81%D8%A7%D8%A6%D9%83-%D8%A8%D9%8A%D8%B1%D9%88%D8%AA-%D9%86%D8%A8%D8%A7%D8%AF%D9%84%D9%83-%D8%A7%D9%84%D9%85%D8%AD%D8%A8%D8%A9-%D9%88%D8%A3%D9%83%D8%AB%D8%B1<\/a><\/p>\n\n\n\n<p>TUNISIE \n<\/p>\n\n\n\n<p>Musicien&nbsp;:<\/p>\n\n\n\n<p><a href=\"https:\/\/www.musicien.tn\/bref\/cheb-khaled-rend-hommage-au-peuple-libanais-avec-elle-sappelle-beyrouth\/\">https:\/\/www.musicien.tn\/bref\/cheb-khaled-rend-hommage-au-peuple-libanais-avec-elle-sappelle-beyrouth\/<\/a><\/p>\n\n\n\n<p>COTE D&rsquo;IVOIRE<\/p>\n\n\n\n<p>Ivoirian&nbsp;:<\/p>\n\n\n\n<figure class=\"wp-block-embed-wordpress wp-block-embed is-type-wp-embed is-provider-ivorian-net-presse-et-portail-d-039-informations-generales\"><div class=\"wp-block-embed__wrapper\">\n<blockquote class=\"wp-embedded-content\" data-secret=\"YSsKY6fw1d\"><a href=\"https:\/\/www.ivorian.net\/actualites\/elle-sappelle-beyrouth-le-titre-hommage-du-chanteur-khaled-a-la-capitale-du-liban-meurtrie-par-lexplosion\/\">&#8220;Elle s&#8217;appelle Beyrouth&#8221;, le titre hommage du chanteur Khaled \u00e0 la capitale du Liban meurtrie par l&#8217;explosion<\/a><\/blockquote><iframe loading=\"lazy\" class=\"wp-embedded-content\" sandbox=\"allow-scripts\" security=\"restricted\" style=\"position: absolute; clip: rect(1px, 1px, 1px, 1px);\" title=\"&laquo;&nbsp;&#8220;Elle s&#8217;appelle Beyrouth&#8221;, le titre hommage du chanteur Khaled \u00e0 la capitale du Liban meurtrie par l&#8217;explosion&nbsp;&raquo; &#8212; Ivorian.Net: Presse et portail d&#039;Informations g\u00e9n\u00e9rales\" src=\"https:\/\/www.ivorian.net\/actualites\/elle-sappelle-beyrouth-le-titre-hommage-du-chanteur-khaled-a-la-capitale-du-liban-meurtrie-par-lexplosion\/embed\/#?secret=YSsKY6fw1d\" data-secret=\"YSsKY6fw1d\" width=\"600\" height=\"338\" frameborder=\"0\" marginwidth=\"0\" marginheight=\"0\" scrolling=\"no\"><\/iframe>\n<\/div><\/figure>\n","protected":false},"excerpt":{"rendered":"<p>Khaled feat Rodge, \u00ab\u00a0Elle s&rsquo;appelle Beyrouth\u00a0\u00bb (label : Aalia Publishing ) MEDIAS OBTENUS (quelques relais pour les m\u00e9dias du Maghreb ) RTL&nbsp;: https:\/\/www.rtl.fr\/culture\/musique\/les-infos-de-7h-explosions-a-beyrouth-le-chanteur-khaled-dedie-une-chanson-au-liban-7800731210 BFM Tv&nbsp;: https:\/\/www.bfmtv.com\/people\/musique\/explosions-a-beyrouth-le-chanteur-khaled-sort-un-titre-en-hommage-au-liban_AD-202008140178.html ET https:\/\/www.bfmtv.com\/people\/explosions-a-beyrouth-khaled-sort-une-chanson-inedite-pour-aider-le-liban_AN-202008190095.html Nord Eclair&nbsp;: https:\/\/www.nordeclair.fr\/852140\/article\/2020-08-15\/cheb-khaled-va-sortir-le-titre-elle-s-appelle-beyrouth-en-hommage-aux-libanais TV5 Monde&nbsp;: https:\/\/information.tv5monde.com\/video\/l-hommage-musical-du-chanteur-khaled-beyrouth-la-chronique-culture Amina&nbsp;: T\u00e9l\u00e9 7 jours&nbsp;: https:\/\/www.programme-television.org\/news-tv\/Explosions-a-Beyrouth-la-chanson-hommage-de-Khaled-au-profit-de-la-Croix-Rouge-VIDEO-4662141 Le Point&nbsp;: https:\/\/www.lepoint.fr\/culture\/les-choix-culture-du-point-lacher-de-monstres-et-rai-pour-beyrouth-19-08-2020-2388204_3.php Great song&nbsp;: https:\/\/greatsong.net\/paroles-elle-sappelle-beyrouth-khaled L&rsquo;Info&nbsp;: https:\/\/www.linfo.re\/magazine\/culture\/elle-s-appelle-beyrouth-decouvrez-la-chanson-de-khaled-en-hommage-a-la-capitale-du-liban Le r\u00e9publicain lorrain&nbsp;: https:\/\/www.republicain-lorrain.fr\/culture-loisirs\/2020\/08\/15\/pour-beyrouth-la-star-du-rai-khaled-sort-un-nouveau-titre DNA&nbsp;: https:\/\/www.dna.fr\/culture-loisirs\/2020\/08\/15\/pour-beyrouth-la-star-du-rai-khaled-sort-un-nouveau-titre VOA&nbsp;: https:\/\/www.voaafrique.com\/a\/un-titre-du-chanteur-khaled-pour-beyrouth\/5544055.html&hellip;<\/p>\n","protected":false},"author":1,"featured_media":0,"comment_status":"closed","ping_status":"closed","sticky":false,"template":"","format":"standard","meta":{"om_disable_all_campaigns":false,"_monsterinsights_skip_tracking":false,"_monsterinsights_sitenote_active":false,"_monsterinsights_sitenote_note":"","_monsterinsights_sitenote_category":0,"_uf_show_specific_survey":0,"_uf_disable_surveys":false,"footnotes":""},"categories":[1],"tags":[],"class_list":["post-1994","post","type-post","status-publish","format-standard","hentry","category-uncategorized"],"aioseo_notices":[],"_links":{"self":[{"href":"https:\/\/julienserru.com\/index.php?rest_route=\/wp\/v2\/posts\/1994"}],"collection":[{"href":"https:\/\/julienserru.com\/index.php?rest_route=\/wp\/v2\/posts"}],"about":[{"href":"https:\/\/julienserru.com\/index.php?rest_route=\/wp\/v2\/types\/post"}],"author":[{"embeddable":true,"href":"https:\/\/julienserru.com\/index.php?rest_route=\/wp\/v2\/users\/1"}],"replies":[{"embeddable":true,"href":"https:\/\/julienserru.com\/index.php?rest_route=%2Fwp%2Fv2%2Fcomments&post=1994"}],"version-history":[{"count":3,"href":"https:\/\/julienserru.com\/index.php?rest_route=\/wp\/v2\/posts\/1994\/revisions"}],"predecessor-version":[{"id":2002,"href":"https:\/\/julienserru.com\/index.php?rest_route=\/wp\/v2\/posts\/1994\/revisions\/2002"}],"wp:attachment":[{"href":"https:\/\/julienserru.com\/index.php?rest_route=%2Fwp%2Fv2%2Fmedia&parent=1994"}],"wp:term":[{"taxonomy":"category","embeddable":true,"href":"https:\/\/julienserru.com\/index.php?rest_route=%2Fwp%2Fv2%2Fcategories&post=1994"},{"taxonomy":"post_tag","embeddable":true,"href":"https:\/\/julienserru.com\/index.php?rest_route=%2Fwp%2Fv2%2Ftags&post=1994"}],"curies":[{"name":"wp","href":"https:\/\/api.w.org\/{rel}","templated":true}]}}