{"id":264,"date":"2019-07-03T19:53:44","date_gmt":"2019-07-03T19:53:44","guid":{"rendered":"http:\/\/julienserru.com\/?p=264"},"modified":"2019-07-18T08:32:14","modified_gmt":"2019-07-18T08:32:14","slug":"video-revue-de-presse-cannes-2018-soirees-privees","status":"publish","type":"post","link":"https:\/\/julienserru.com\/?p=264","title":{"rendered":"D\u00e9briefing vid\u00e9o de relations presse effectu\u00e9es : Cannes 2018 &#8211; Soir\u00e9es priv\u00e9es"},"content":{"rendered":"\n<p>Unique attach\u00e9 de presse s\u00e9lectionn\u00e9, j\u2019avais pour mission de convaincre de nombreux professionnels de m\u00e9dias fran\u00e7ais et \u00e9trangers \u00e0 venir \u00e0 des soir\u00e9es organis\u00e9es par des soci\u00e9t\u00e9s chinoises, en marge du Festival de Cannes, pour \u00e9changer autour de leurs prochains projets. Les r\u00e9sultats en vid\u00e9o :<\/p>\n\n\n\n<figure class=\"wp-block-embed-facebook wp-block-embed is-type-video is-provider-facebook\"><div class=\"wp-block-embed__wrapper\">\n<div id=\"fb-root\"><\/div><script async=\"1\" defer=\"1\" crossorigin=\"anonymous\" src=\"https:\/\/connect.facebook.net\/fr_FR\/sdk.js#xfbml=1&amp;version=v3.3\"><\/script><div class=\"fb-video\" data-href=\"https:\/\/www.facebook.com\/eagleoffanpage\/videos\/969667273197550\/\" data-width=\"1170\"><blockquote cite=\"https:\/\/www.facebook.com\/eagleoffanpage\/videos\/969667273197550\/\" class=\"fb-xfbml-parse-ignore\"><a href=\"https:\/\/www.facebook.com\/eagleoffanpage\/videos\/969667273197550\/\">CANNES 2018, Mission : #RelationsPresse<\/a><p>CANNES 2018, #Soir\u00e9es #Personnalit\u00e9sProducteursChinoisEtEurop\u00e9ens &#8211; Mission : Inviter des journalistes fran\u00e7ais et \u00e9trangers &#8230; Mission r\u00e9ussie ? #Vid\u00e9oVersionCourte<\/p>Publi\u00e9e par <a href=\"https:\/\/www.facebook.com\/eagleoffanpage\/\">Julien Serru Eagleof<\/a> sur Samedi 9 juin 2018<\/blockquote><\/div>\n<\/div><figcaption> Cannes 2018 : inviter des journalistes de m\u00e9dias \u00e9trangers \u00e0 des soir\u00e9es priv\u00e9es <\/figcaption><\/figure>\n","protected":false},"excerpt":{"rendered":"<p>Unique attach\u00e9 de presse s\u00e9lectionn\u00e9, j\u2019avais pour mission de convaincre de nombreux professionnels de m\u00e9dias fran\u00e7ais et \u00e9trangers \u00e0 venir \u00e0 des soir\u00e9es organis\u00e9es par des soci\u00e9t\u00e9s chinoises, en marge du Festival de Cannes, pour \u00e9changer autour de leurs prochains projets. Les r\u00e9sultats en vid\u00e9o :<\/p>\n","protected":false},"author":1,"featured_media":0,"comment_status":"closed","ping_status":"closed","sticky":false,"template":"","format":"standard","meta":{"om_disable_all_campaigns":false,"_monsterinsights_skip_tracking":false,"_monsterinsights_sitenote_active":false,"_monsterinsights_sitenote_note":"","_monsterinsights_sitenote_category":0,"_uf_show_specific_survey":0,"_uf_disable_surveys":false,"footnotes":""},"categories":[1],"tags":[22,21,26,20,46,18,8,24,4,23,19,25],"class_list":["post-264","post","type-post","status-publish","format-standard","hentry","category-uncategorized","tag-attache-de-presse","tag-communication","tag-contact","tag-eagleof","tag-independant","tag-julien","tag-medias","tag-plan","tag-presse","tag-relations-presse","tag-serru","tag-strategie"],"aioseo_notices":[],"_links":{"self":[{"href":"https:\/\/julienserru.com\/index.php?rest_route=\/wp\/v2\/posts\/264"}],"collection":[{"href":"https:\/\/julienserru.com\/index.php?rest_route=\/wp\/v2\/posts"}],"about":[{"href":"https:\/\/julienserru.com\/index.php?rest_route=\/wp\/v2\/types\/post"}],"author":[{"embeddable":true,"href":"https:\/\/julienserru.com\/index.php?rest_route=\/wp\/v2\/users\/1"}],"replies":[{"embeddable":true,"href":"https:\/\/julienserru.com\/index.php?rest_route=%2Fwp%2Fv2%2Fcomments&post=264"}],"version-history":[{"count":4,"href":"https:\/\/julienserru.com\/index.php?rest_route=\/wp\/v2\/posts\/264\/revisions"}],"predecessor-version":[{"id":1386,"href":"https:\/\/julienserru.com\/index.php?rest_route=\/wp\/v2\/posts\/264\/revisions\/1386"}],"wp:attachment":[{"href":"https:\/\/julienserru.com\/index.php?rest_route=%2Fwp%2Fv2%2Fmedia&parent=264"}],"wp:term":[{"taxonomy":"category","embeddable":true,"href":"https:\/\/julienserru.com\/index.php?rest_route=%2Fwp%2Fv2%2Fcategories&post=264"},{"taxonomy":"post_tag","embeddable":true,"href":"https:\/\/julienserru.com\/index.php?rest_route=%2Fwp%2Fv2%2Ftags&post=264"}],"curies":[{"name":"wp","href":"https:\/\/api.w.org\/{rel}","templated":true}]}}