{"id":389,"date":"2019-07-04T10:49:53","date_gmt":"2019-07-04T10:49:53","guid":{"rendered":"http:\/\/julienserru.com\/?p=389"},"modified":"2019-07-14T13:16:20","modified_gmt":"2019-07-14T13:16:20","slug":"mes-principales-experiences-professionnelles","status":"publish","type":"post","link":"https:\/\/julienserru.com\/?p=389","title":{"rendered":"MES PRINCIPALES EXP\u00c9RIENCES PROFESSIONNELLES"},"content":{"rendered":"\n<p> <strong>2019 Janvier \/ Juin (fin de la mission) <\/strong><\/p>\n\n\n\n<p><strong>RESPONSABLE RELATIONS PRESSE \/ COMMUNICATION<\/strong> (sous statut de travailleur ind\u00e9pendant), <strong>Film \u00e0 sketches ind\u00e9pendant \u201cSalauds de Pauvres\u201d<\/strong>, le client : 18 Jours (producteur et distributeur), sortie : 5 juin 2019<\/p>\n\n\n\n<p class=\"has-small-font-size\"> <strong>Missions men\u00e9es par mes soins :<\/strong> r\u00e9alisation d\u2019un plan de communication comprenant les relations presse, conseils en communication aupr\u00e8s du producteur, relations presse, cr\u00e9ation et r\u00e9daction du dossier de presse et des communiqu\u00e9s de presse, de visuels pour les r\u00e9seaux sociaux<br> Je me suis occup\u00e9 de penser la communication et les relations presse, puis j\u2019ai r\u00e9alis\u00e9, seul, les relations presse et mener la communication \u00e0 bien, comme par exemple : en cr\u00e9ant la plupart des visuels. <br><strong> Articles, m\u00e9dias obtenus par mes soins : <\/strong>Les Grosses t\u00eates, France 5 \/ Entr\u00e9e libre, France Bleu, Les Terriens du Dimanche, T\u00e9l\u00e9 Star, LCI, France 2, France Info, AuFeminin, Lib\u00e9ration, Le Monde, Ouest France, Sud Ouest, France 3 \/ Ensemble, c\u2019est mieux, T\u00e9l\u00e9rama, Le Nouvel Obs, L\u2019internaute, \u2026 <strong>plus de d\u00e9tails : <\/strong> <a href=\"http:\/\/julienserru.com\/?page_id=202\">http:\/\/julienserru.com\/?page_id=202<\/a> <\/p>\n\n\n\n<p><strong>2018 Octobre \/ Novembre (fin de la mission)  <\/strong><\/p>\n\n\n\n<p><strong>ATTACH\u00c9 DE PRESSE POUR l\u2019AFP ET LES M\u00c9DIAS WEB <\/strong>(sous statut de travailleur ind\u00e9pendant), <strong>Long m\u00e9trage \u201cFractures\u201d d\u2019Harry Roselmack<\/strong> (le client), sortie num\u00e9rique du film et soir\u00e9e priv\u00e9e <br> Missions men\u00e9es par mes soins : propositions pour la communication, participation aux relations presse <\/p>\n\n\n\n<p class=\"has-small-font-size\"> <strong>Articles, m\u00e9dias obtenus par mes soins : <\/strong>obtention notamment d\u2019une d\u00e9p\u00eache AFP, une quinzaine de m\u00e9dias l\u2019ont reprise : Le Point, France Info, Yahoo actualit\u00e9, Orange actualit\u00e9s, T\u00e9l\u00e9 Z, La Croix, \u2026<br> Mon travail a \u00e9t\u00e9 effectu\u00e9 en compl\u00e9ment d\u2019un autre attach\u00e9 de presse pris auparavant par le client. J\u2019ai \u00e9galement permis le r\u00e9f\u00e9rencement du film sur plusieurs plateformes dont Allocine.<\/p>\n\n\n\n<p><strong>2018 Avril \/ Mai  (fin de la mission) <\/strong><\/p>\n\n\n\n<p><strong>RESPONSABLE RELATIONS PRESSE<\/strong> (sous statut de travailleur ind\u00e9pendant), <strong>Soir\u00e9es priv\u00e9es, organis\u00e9es par le client : Charl\u00e8ne C, en pr\u00e9sence de professionnels du milieu du Cin\u00e9ma ind\u00e9pendant chinois, durant le Festival de Cannes<\/strong><\/p>\n\n\n\n<p class=\"has-small-font-size\"> Le client souhaitait que je r\u00e9alise des relations presse afin d\u2019inviter des professionnels des m\u00e9dias aux soir\u00e9es organis\u00e9es en vu des futurs projets de ses invit\u00e9s. <\/p>\n\n\n\n<p class=\"has-small-font-size\"><strong>Missions men\u00e9es par mes soins : <\/strong>\u00e9laboration de la strat\u00e9gie de communication, relations presse, conseils en communication pour la directrice de la soci\u00e9t\u00e9, cr\u00e9ation d\u2019un d\u00e9pliant interactif et du carton d\u2019invitation, \u2026<br><strong> Suite aux relations presse que j\u2019ai effectu\u00e9, journalistes pr\u00e9sents, issus des m\u00e9dias : <\/strong>20 Minutes, T\u00e9l\u00e9 Star, T\u00e9l\u00e9 Poche, Vogue (Etats Unis), Vanity Fair (Etats Unis), O Globo (Br\u00e9sil), BBC Arabic (Angleterre), The Guardian (Angleterre), \u2026 <br> La principale difficult\u00e9 a \u00e9t\u00e9 l\u2019offre tr\u00e8s concurrentielle d\u2019\u00e9v\u00e9nements durant la p\u00e9riode du Festival de Cannes. Je suis parvenu \u00e0 obtenir des r\u00e9sultats sur la presse et les m\u00e9dias \u00e9trangers car le festival de Cannes est un moment phare durant lequel de nombreux journalistes sont pr\u00e9sents. Il fallait avoir les contacts de ceux dans le domaine de la culture bien en amont afin de les convaincre de venir, si jamais leurs m\u00e9dias les faisaient se d\u00e9placer \u00e0 Cannes.<\/p>\n\n\n\n<p><strong>2018 F\u00e9vrier \/ Mars (fin de la mission) <\/strong><\/p>\n\n\n\n<p><strong>RESPONSABLE RELATIONS PRESSE<\/strong> (sous statut de travailleur ind\u00e9pendant),<strong> Charlie Koissi (le client), victime d\u2019usurpation d\u2019identit\u00e9<\/strong><\/p>\n\n\n\n<p class=\"has-small-font-size\"> <strong>Missions men\u00e9es par mes soins : <\/strong>\u00e9laboration d\u2019une strat\u00e9gie pour les relations presse, cr\u00e9ations du communiqu\u00e9 de presse, figuration et participation \u00e0 cette occasion dans l\u2019\u00e9mission \u201cGrands Reportages\u201d sur TF1, entra\u00eenements aux interviews <br> <strong>M\u00e9dias obtenus par mes soins : <\/strong>M6 (66 minutes), France 2, France 5, des radios nationales (RTL, Europe 1, \u2026) l\u2019inviteront quand le sujet para\u00eetra \u00e0 l\u2019antenne, \u2026 <br> Chaque ann\u00e9e, plus de 200 000 personnes sont victimes d\u2019usurpations d\u2019identit\u00e9. La difficult\u00e9 \u00e9tait donc que les m\u00e9dias s\u2019int\u00e9ressent sp\u00e9cifiquement au client. A travers la strat\u00e9gie et les communiqu\u00e9s que j\u2019ai cr\u00e9\u00e9, il fallait rendre \u201ctr\u00e8s attrayant\u201d pour les journalistes le sujet autour du client.<\/p>\n\n\n\n<p><strong>2017 Juin \/ Juillet (fin de la mission) <\/strong><\/p>\n\n\n\n<p><strong>RESPONSABLE RELATIONS PRESSE \/ COMMUNICATION<\/strong> (sous statut de travailleur ind\u00e9pendant),<strong> Venue d\u2019Ahmad Joudeh, en France<\/strong>, organis\u00e9 par l\u2019association \u201cNo money, la valeur c\u2019est vous !\u201d (le client) <\/p>\n\n\n\n<p class=\"has-small-font-size\"> <strong>Missions men\u00e9es par mes soins :<\/strong> cr\u00e9ation du plan de relations presse, \u00e9laboration de la strat\u00e9gie de communication, cr\u00e9ation et r\u00e9daction du dossier de presse, relations presse, conseils en communication \u00e0 l\u2019association<br> <strong>Articles, interviews obtenus par mes soins :<\/strong> AFP (d\u00e9p\u00e8che ayant permis d\u2019obtenir Lib\u00e9ration, Al jazeera, New York Times, \u2026), TMC, France 24, RFI, France T\u00e9l\u00e9visions, Le Figaro, L\u2019Express, Ouest France, L\u2019Obs, \u2026 <br> Des millions de personnes vivant en Syrie subissent la guerre, il fallait d\u00e9velopper un concept et une image afin qu\u2019Ahmad Joudeh int\u00e9resse sp\u00e9cifiquement les m\u00e9dias. Ayant convaincu l\u2019AFP, leur d\u00e9p\u00eache a \u00e9t\u00e9 reprises par de nombreux m\u00e9dias \u00e9trangers qui ont d\u00e9cid\u00e9 de couvrir le sujet.  <strong>Plus de d\u00e9tails :  <\/strong><a href=\"http:\/\/julienserru.com\/?p=594\"><strong>http:\/\/julienserru.com\/?p=594<\/strong><\/a><strong> <\/strong><\/p>\n\n\n\n<p><strong>2016 Octobre \/ 2017 Mai (fin de la mission) <\/strong><\/p>\n\n\n\n<p>A<strong>TTACH\u00c9 DE PRESSE \/ CHARG\u00c9 DE COMMUNICATION<\/strong> (sous statut de travailleur ind\u00e9pendant),<strong> Concert d&rsquo;Admiral T (management : Jessica Campbell, la cliente), \u00e0 l\u2019AccorHotels Arena <\/strong><\/p>\n\n\n\n<p class=\"has-small-font-size\"><strong> Missions men\u00e9es par mes soins : <\/strong>\u00e9laboration de la strat\u00e9gie de relations de presse, cr\u00e9ation d\u2019un plan de promotion pour les relations presse, relations de presse, cr\u00e9ation et r\u00e9daction du dossier partenariats et sponsoring, du dossier de presse et des communiqu\u00e9s de presse, \u2026 <strong>Plus de d\u00e9tails :  <\/strong><a href=\"http:\/\/julienserru.com\/?page_id=371\"><strong>http:\/\/julienserru.com\/?page_id=371<\/strong><\/a><strong> <\/strong><br> <strong>Articles, interviews, partenariats obtenus : <\/strong>Radio Latina, G\u00e9n\u00e9rations, Urban Hit, presse r\u00e9gionale, \u2026 <br> <strong>Nombreux pourparlers <\/strong>: 20 minutes, 50\u2019 inside (TF1), Le Grand Journal (Canal +), Fun radio, Les Inrocks, Radio Nova \u2026 <br> En partie gr\u00e2ce \u00e0 mon travail, la totalit\u00e9 des billets pour avoir acc\u00e8s \u00e0 l\u2019\u00e9v\u00e9nement \u00e9tait vendu avant la date. Le dossier de sponsoring, que j\u2019ai cr\u00e9\u00e9, a permis d\u2019obtenir des partenaires. <\/p>\n\n\n\n<p><strong>2013 Juin \/ 2018<\/strong><\/p>\n\n\n\n<p><strong>ATTACH\u00c9 DE PRESSE \/ CONSULTANT EN COMMUNICATION <\/strong>(sous statut de travailleur ind\u00e9pendant), Promotions de projets dans <strong>le milieu de la Musique : albums, singles, concerts, du Cin\u00e9ma et du Th\u00e9\u00e2tre<\/strong><\/p>\n\n\n\n<p class=\"has-small-font-size\"><strong>Plus de 200 dossiers de presse novateurs r\u00e9alis\u00e9s pour des artistes sign\u00e9s en maisons de disques ou en labels<\/strong>, comme des artistes de Wati B (label en licence chez Sony Music), Hazerka (Warner Music), Lino (Universal Music), Alex Mallow (Play Two), &#8230;  <strong>Plus de d\u00e9tails :  <\/strong><a href=\"http:\/\/julienserru.com\/?page_id=314\"><strong>http:\/\/julienserru.com\/?page_id=314<\/strong><\/a> <\/p>\n\n\n\n<p class=\"has-small-font-size\">relations m\u00e9dias surtout pour des demandes de diffusions de morceaux de musique \u2026 <br> Je suis r\u00e9guli\u00e8rement contact\u00e9 pour r\u00e9aliser, penser et \u00e9crire le dossier de presse qui sert d\u2019\u00e9l\u00e9ment principal pour de nombreuses d\u00e9marches autres que contacter les m\u00e9dias. <\/p>\n\n\n\n<p><strong>2013 Janvier \/ Juin  (fin de la mission) <\/strong><\/p>\n\n\n\n<p><strong>FORMATEUR EN COMMUNICATION<\/strong>, (sous statut de travailleur ind\u00e9pendant), <strong>Maison de l\u2019Emploi et de la Formation de Nanterre<\/strong><\/p>\n\n\n\n<p class=\"has-small-font-size\"> <strong>Missions men\u00e9es par mes soins : <\/strong>cr\u00e9ation et animation d\u2019ateliers de communication<br> Chaque nouvel inscrit \u00e0 la Maison de l\u2019Emploi et de la Formation de Nanterre avait le droit d\u2019acc\u00e9der \u00e0 la formation en Communication dont je m\u2019occupais. <br> <strong>Th\u00e8mes des ateliers <\/strong>: sensibilisation \u00e0 la communication, explications autour de la cr\u00e9ation d\u2019un plan promo, \u00e9tude d\u2019une campagne de communication : recherche d\u2019un slogan, \u00e9l\u00e9ments variants et invariants, \u2026 devoirs surveill\u00e9s : brainstorming et recherches pour la cr\u00e9ation d\u2019un logo<\/p>\n\n\n\n<p> <strong>2013 Janvier \/ Juin (fin de la mission) <\/strong><\/p>\n\n\n\n<p><strong>CHARG\u00c9 DE COMMUNICATION \/ ATTACH\u00c9 DE PRESSE<\/strong> (sous statut de travailleur ind\u00e9pendant), <strong>Exposition \u201cLes Echos de la M\u00e9moire\u201d de Luc Saint-Eloy (le client), lors de la Journ\u00e9e de Comm\u00e9moration de l\u2019Abolition de l\u2019Esclavage en pr\u00e9sence de M. Fran\u00e7ois Hollande<\/strong> (\u00e9galement des autres dates d\u2019exposition)<\/p>\n\n\n\n<p class=\"has-small-font-size\"> <strong>Missions men\u00e9es par mes soins : <\/strong>cr\u00e9ation et participation \u00e0 la r\u00e9daction du dossier de presse et des communiqu\u00e9s de presse, relations presse, conseils en communication aupr\u00e8s du cr\u00e9ateur de l\u2019exposition, cr\u00e9ation de nombreux visuels : affiches, flyers, carton d\u2019invitation, \u2026<br><strong> Articles et interviews obtenus : <\/strong>Orange actualit\u00e9s, Free actualit\u00e9s, RFI, TV5 Monde,14,5 Le Parisien, Public S\u00e9nat, France T\u00e9l\u00e9visions, France-Antilles, Le Parisien,  \u2026 <\/p>\n\n\n\n<p><strong>2012 Juillet \/ Octobre (fin de la mission)   <\/strong><\/p>\n\n\n\n<p> <strong>PARTICIPATION AUX RELATIONS PRESSE Comp\u00e9tition Les Outre-Mer Durables, organis\u00e9e par les Eco Maires<\/strong> (le client), association \u00e0 laquelle plus de 5 000 mairies ont adh\u00e9r\u00e9, prix remis \u00e0 l\u2019Assembl\u00e9e Nationale<\/p>\n\n\n\n<p class=\"has-small-font-size\"> <strong>Missions men\u00e9es par mes soins :<\/strong> \u00e9tude de dossiers \u201cvulgaris\u00e9s\u201d de projets propos\u00e9s par des mairies, support de relations presse<br> <strong>Mise en relation par mes soins : <\/strong>France T\u00e9l\u00e9visions, Canal 10, Tropiques FM, presse r\u00e9gionale, \u2026<br> Par rapport \u00e0 mon r\u00f4le dans le groupe m\u00e9dias : Direct Monde M\u00e9dias, j\u2019ai \u00e9t\u00e9 s\u00e9lectionn\u00e9 pour \u00eatre membre du jury et remettre le troisi\u00e8me prix \u00e0 l\u2019Assembl\u00e9e Nationale, en pr\u00e9sence de nombreux ministres. <strong>Pour plus de d\u00e9tails :  <\/strong><a href=\"http:\/\/julienserru.com\/?page_id=292\"><strong>http:\/\/julienserru.com\/?page_id=292<\/strong><\/a><strong> <\/strong><br> Honor\u00e9 par la nomination, j\u2019avais d\u00e9cid\u00e9 d\u2019apporter mon aide pour les relations presse.<\/p>\n\n\n\n<p><strong>2012 Ao\u00fbt \/ Octobre (fin de la mission) <\/strong><\/p>\n\n\n\n<p><strong>ATTACH\u00c9 DE PRESSE \/ CHARG\u00c9 DE COMMUNICATION<\/strong> (sous statut de travailleur ind\u00e9pendant),<strong> Salon des \u00eeles de la Guadeloupe (les clients : R\u00e9gion Les \u00eeles de la Guadeloupe et AJN Communication) durant le Salon international du SIAL<\/strong><\/p>\n\n\n\n<p class=\"has-small-font-size\"> <strong>Missions men\u00e9es par mes soins : <\/strong>cr\u00e9ation et \u00e9laboration du dossier de presse et de communiqu\u00e9s de presse, conseils en communication, cr\u00e9ation du plan de promotion pour les m\u00e9dias en France hexagonale, pr\u00e9sence sur le salon et entra\u00eenements aux interviews pour les professionnels pr\u00e9sents sur le stand<br><strong> Articles et interviews obtenus par mes soins : <\/strong>France T\u00e9l\u00e9visions, Elle magazine, Le Parisien, Tropiques FM, Cuisine magazine, Africa n\u00b01, Le Parisien, m\u00e9dias r\u00e9gionaux, \u2026<br> J\u2019ai obtenu cette mission par l\u2019interm\u00e9diaire de l\u2019ancienne directrice du groupe m\u00e9dias : Direct Monde M\u00e9dias, contact\u00e9 par AJN Communication, soci\u00e9t\u00e9 bas\u00e9e en Guadeloupe voulant un attach\u00e9 de presse et charg\u00e9 de communication pour la France hexagonale.<\/p>\n\n\n\n<p><strong>2011 Ao\u00fbt \/ 2012 Mars<\/strong><\/p>\n\n\n\n<p><strong>CHARG\u00c9 DE COMMUNICATION (CDD), ACI TV, cha\u00eene pr\u00e9sente sur les box internet, devenue OM5 TV<\/strong><\/p>\n\n\n\n<p class=\"has-small-font-size\"> <strong>Missions men\u00e9es par mes soins : <\/strong>conseils en communication \u00e0 la directrice de la r\u00e9daction, cr\u00e9ation des logos des \u00e9missions, cr\u00e9ation et \u00e9laboration de plans promotionnels,  cr\u00e9ation des \u00e9l\u00e9ments de communication, relations publiques pour l\u2019invitation de personnalit\u00e9s sur les plateaux d\u2019\u00e9missions<\/p>\n\n\n\n<p><strong>2010 Janvier \/  2011 Ao\u00fbt (fin du groupe m\u00e9dias)<\/strong><\/p>\n\n\n\n<p><strong>CHARG\u00c9 DE COMMUNICATION<\/strong> (CDD), <strong>Direct Monde M\u00e9dias, groupe m\u00e9dia cr\u00e9\u00e9 par la journaliste Mme Melina Seymour Gradel<\/strong>, n\u2019existant plus actuellement <\/p>\n\n\n\n<p class=\"has-small-font-size\"> <strong>Missions men\u00e9es par mes soins : <\/strong>strat\u00e9gies de communication, cr\u00e9ation et \u00e9laboration du plan promotionnel,  conseils en communication, cr\u00e9ation de visuels pour le site internet, r\u00e9daction d\u2019articles culturels et politiques<br> Cette premi\u00e8re forte exp\u00e9rience dans un groupe m\u00e9dias m\u2019a permis de comprendre les probl\u00e9matiques \u00e0 surmonter et les m\u00e9thodologies des journalistes. Le nombre de visites par mois du site internet a \u00e9t\u00e9 multipli\u00e9 durant la p\u00e9riode o\u00f9 je m\u2019occupais de la communication.<\/p>\n\n\n\n<p><strong>2009 Juin \/ Maintenant<\/strong><\/p>\n\n\n\n<p><strong>TRAVAILLEUR IND\u00c9PENDANT, Cr\u00e9ation d\u2019une activit\u00e9 en profession lib\u00e9rale puis en micro-entrepreneur (2015), permettant de proposer des services \u00e0 des clients vari\u00e9s dont les missions pr\u00e9sent\u00e9es ici \u201csous statut de travailleur ind\u00e9pendant\u201d<\/strong><\/p>\n","protected":false},"excerpt":{"rendered":"<p>2019 Janvier \/ Juin (fin de la mission) RESPONSABLE RELATIONS PRESSE \/ COMMUNICATION (sous statut de travailleur ind\u00e9pendant), Film \u00e0 sketches ind\u00e9pendant \u201cSalauds de Pauvres\u201d, le client : 18 Jours (producteur et distributeur), sortie : 5 juin 2019 Missions men\u00e9es par mes soins : r\u00e9alisation d\u2019un plan de communication comprenant les relations presse, conseils en&hellip;<\/p>\n","protected":false},"author":1,"featured_media":0,"comment_status":"closed","ping_status":"closed","sticky":false,"template":"","format":"standard","meta":{"om_disable_all_campaigns":false,"_monsterinsights_skip_tracking":false,"_monsterinsights_sitenote_active":false,"_monsterinsights_sitenote_note":"","_monsterinsights_sitenote_category":0,"_uf_show_specific_survey":0,"_uf_disable_surveys":false,"footnotes":""},"categories":[1],"tags":[5,44,43,20,42,46,41,18,8,4,3,19,45],"class_list":["post-389","post","type-post","status-publish","format-standard","hentry","category-uncategorized","tag-attache","tag-cv","tag-demarchage","tag-eagleof","tag-emissions","tag-independant","tag-interview","tag-julien","tag-medias","tag-presse","tag-relations","tag-serru","tag-travailleur"],"aioseo_notices":[],"_links":{"self":[{"href":"https:\/\/julienserru.com\/index.php?rest_route=\/wp\/v2\/posts\/389"}],"collection":[{"href":"https:\/\/julienserru.com\/index.php?rest_route=\/wp\/v2\/posts"}],"about":[{"href":"https:\/\/julienserru.com\/index.php?rest_route=\/wp\/v2\/types\/post"}],"author":[{"embeddable":true,"href":"https:\/\/julienserru.com\/index.php?rest_route=\/wp\/v2\/users\/1"}],"replies":[{"embeddable":true,"href":"https:\/\/julienserru.com\/index.php?rest_route=%2Fwp%2Fv2%2Fcomments&post=389"}],"version-history":[{"count":37,"href":"https:\/\/julienserru.com\/index.php?rest_route=\/wp\/v2\/posts\/389\/revisions"}],"predecessor-version":[{"id":1527,"href":"https:\/\/julienserru.com\/index.php?rest_route=\/wp\/v2\/posts\/389\/revisions\/1527"}],"wp:attachment":[{"href":"https:\/\/julienserru.com\/index.php?rest_route=%2Fwp%2Fv2%2Fmedia&parent=389"}],"wp:term":[{"taxonomy":"category","embeddable":true,"href":"https:\/\/julienserru.com\/index.php?rest_route=%2Fwp%2Fv2%2Fcategories&post=389"},{"taxonomy":"post_tag","embeddable":true,"href":"https:\/\/julienserru.com\/index.php?rest_route=%2Fwp%2Fv2%2Ftags&post=389"}],"curies":[{"name":"wp","href":"https:\/\/api.w.org\/{rel}","templated":true}]}}